{"id":925,"date":"2022-01-18T12:51:01","date_gmt":"2022-01-18T11:51:01","guid":{"rendered":"https:\/\/annaland.de\/annablog\/?p=925"},"modified":"2022-01-18T13:03:58","modified_gmt":"2022-01-18T12:03:58","slug":"stadtwald-taunusstein-buergerwald","status":"publish","type":"post","link":"https:\/\/annaland.de\/annablog\/stadtwald-taunusstein-buergerwald\/","title":{"rendered":"Stadtwald Taunusstein &#8211; B\u00fcrgerwald"},"content":{"rendered":"<p>Wir erben! Wir, das sind die B\u00fcrgerinnen und B\u00fcrger der gr\u00f6\u00dften Stadt im Rheingau-Taunus-Kreis Taunusstein. <\/p>\n<div id=\"attachment_1043\" style=\"width: 310px\" class=\"wp-caption alignleft\"><a href=\"https:\/\/annaland.de\/annablog\/wp-content\/uploads\/2022\/01\/eichelberger_weg_20211010.jpg\"><img loading=\"lazy\" decoding=\"async\" aria-describedby=\"caption-attachment-1043\" src=\"https:\/\/annaland.de\/annablog\/wp-content\/uploads\/2022\/01\/eichelberger_weg_20211010-300x225.jpg\" alt=\"\" width=\"300\" height=\"225\" class=\"size-medium wp-image-1043\" srcset=\"https:\/\/annaland.de\/annablog\/wp-content\/uploads\/2022\/01\/eichelberger_weg_20211010-300x225.jpg 300w, https:\/\/annaland.de\/annablog\/wp-content\/uploads\/2022\/01\/eichelberger_weg_20211010-1024x768.jpg 1024w, https:\/\/annaland.de\/annablog\/wp-content\/uploads\/2022\/01\/eichelberger_weg_20211010-768x576.jpg 768w, https:\/\/annaland.de\/annablog\/wp-content\/uploads\/2022\/01\/eichelberger_weg_20211010-150x113.jpg 150w, https:\/\/annaland.de\/annablog\/wp-content\/uploads\/2022\/01\/eichelberger_weg_20211010.jpg 1280w\" sizes=\"auto, (max-width: 300px) 100vw, 300px\" \/><\/a><p id=\"caption-attachment-1043\" class=\"wp-caption-text\">Eichelberger Weg<br \/>Taunusstein-Wehen<br \/>10. Oktober 2021<\/p><\/div>\n<p>Bislang gibt es einen Stadtwald. Dieser wird liebevoll betreut vom Landesbetrieb <a href=\"https:\/\/www.hessen-forst.org\/\" title=\"Landesbetrieb HessenForst\" rel=\"noopener noreferrer\" target=\"_blank\">HessenForst<\/a> nach dem Diktum:<\/p>\n<blockquote><p>Wir pflegen und bewirtschaften die uns anvertrauten W\u00e4lder nach den Grunds\u00e4tzen der Nachhaltigkeit.<\/p><\/blockquote>\n<p>Eigent\u00fcmerin des Stadtwaldes, genauer <a href=\"https:\/\/rp-darmstadt.hessen.de\/umwelt\/forsten\" title=\"Waldeigentumsarten\" rel=\"noopener noreferrer\" target=\"_blank\">K\u00f6rperschaftswaldes<\/a> ist als K\u00f6rperschaft des \u00f6ffentlichen Rechts die Stadt Taunusstein. Und nun hat es in den vergangenen Monaten und dar\u00fcber hinaus immer wieder \u00dcberlegungen der Stadtverantwortlichen gegeben, die Hege und Pflege des Waldes (<em>\u00dcber die H\u00e4lfte der Fl\u00e4che Taunussteins besteht aus Wald. 37 Prozent davon \u2013 2534 Hektar \u2013 sind im Besitzt der Stadt, der Rest ist Staatswald.<\/em>) dem Dienstleisters zu entziehen und in andere H\u00e4nde zu geben.<\/p>\n<p>\u00dcber die genauen Gr\u00fcnde kann man spekulieren. Die Arbeit des Dienstleisters HessenForst kostet Geld, richtig viel Geld. Und zufrieden war man auch nicht immer mit dieser Arbeit. So hatte HessenForst den Auftrag, B\u00e4ume in Wehen an der <a href=\"https:\/\/annaland.de\/annablog\/kleine-dresdener-strasse-wehen\/\" title=\"Blogartikel zum Thema\">Kleinen Dresdener Stra\u00dfe<\/a> zu f\u00e4llen, aber nat\u00fcrlich nicht mitten in der Vegetationszeit, wie dann umgesetzt. Und dann fand auch die Wiederbepflanzung nicht im Herbst statt, sondern wurde aufgeschoben. Und au\u00dferdem geht es sicher auch um das Grundsatzkonzept. Also, warum besitzt die Stadt Wald? Ist der Wald eine wichtige, unverzichtbare Einnahmequelle? Ist der Wald R\u00fcckzugs- und Erholungsraum f\u00fcr uns Menschen? Oder vieles gleichzeitig?<\/p>\n<p>Was auch immer zur Entscheidung der Stadtverantwortlichen gef\u00fchrt hat, der Magistrat der Stadt Taunusstein hat zugestimmt. Es wird einen B\u00fcrgerwald in kommunalpolitischer Verantwortung geben. Das hei\u00dft also, die Verantwortung tr\u00e4gt die Kommune, der Wald geh\u00f6rt uns B\u00fcrgerinnen<sup><a id=\"anker1\" title=\"Erl\u00e4uterung\" href=\"#fn1\">[*]<\/a><\/sup>. Nun, vielleicht l\u00e4sst sich das oben gebrauchte Wort &#8222;erben&#8220; juristisch nicht halten, aber trotzdem!<\/p>\n<p>B\u00fcrgermeister Sandro Zehner nimmt uns mit auf den Weg des Entscheidungsprozesses. H\u00f6ren wir ihm zu:<\/p>\n<span class=\"embed-youtube\" style=\"text-align:center; display: block;\"><iframe loading=\"lazy\" class=\"youtube-player\" width=\"540\" height=\"304\" src=\"https:\/\/www.youtube.com\/embed\/VaPw3Dzu71Y?version=3&#038;rel=0&#038;showsearch=0&#038;showinfo=1&#038;iv_load_policy=1&#038;fs=1&#038;hl=de-DE&#038;autohide=2&#038;wmode=transparent\" allowfullscreen=\"true\" style=\"border:0;\" sandbox=\"allow-scripts allow-same-origin allow-popups allow-presentation allow-popups-to-escape-sandbox\"><\/iframe><\/span>\n<p>Ist jetzt alles geregelt? Nein, wir sind am Anfang!<\/p>\n<p>Am 13. September 2021 hat die Stadt Taunusstein zum neuen Waldkonzept eine <a href=\"https:\/\/www.taunusstein.de\/portal\/pressemitteilungen\/uebersicht-900002076-29880.html?rubrik=900000041\" title=\"Pressemitteilung der Stadt zum B\u00fcrgerwald\" rel=\"noopener noreferrer\" target=\"_blank\">Pressemitteilung<\/a> herausgegeben und am 10. November hat sich der Ausschuss f\u00fcr Stadtentwicklung, Umwelt und Mobilit\u00e4t (SUM) mit unserem <a href=\"https:\/\/www.taunusstein.de\/allris\/vo020?VOLFDNR=1000627&#038;refresh=false\" title=\"Beschlussvorlage mit Anlagen\" rel=\"noopener noreferrer\" target=\"_blank\">Projekt B\u00fcrgerinnenwald<\/a> besch\u00e4ftigt. Es wurde Dokument <a href=\"https:\/\/www.taunusstein.de\/allris\/wicket\/resource\/org.apache.wicket.Application\/doc1429330.pdf\" title=\"Zuk\u00fcnftige Organisation des Taunussteiner Stadtwaldes\" rel=\"noopener noreferrer\" target=\"_blank\">DRS. 21\/210-02<\/a> beschlossen.<\/p>\n<p>Mit 37 Ja-Stimmen haben zuletzt am 25. November 2021 die Mitglieder der Stadtverordnetenversammlung in ihrer <a href=\"https:\/\/www.taunusstein.de\/allris\/to020?TOLFDNR=1005563&#038;SILFDNR=1000160\" title=\"StVV Beschluss\" rel=\"noopener noreferrer\" target=\"_blank\">Sitzung<\/a> folgende sechs Punkte beschlossen:<\/p>\n<ol>\n<li>Es wird eine Kommission zur Begleitung und Umsetzung des Projekts &#8222;B\u00fcrgerwald in kommunalpolitischer Verantwortung&#8220; gem\u00e4\u00df \u00a7 72 HGO gebildet. Die formale Einsetzung erfolgt in einer separaten Beschlussvorlage.<\/li>\n<li>Die Umsetzung des Konzepts \u201eB\u00fcrgerwald in kommunalpolitischer Verantwortung\u201c mit seinen wesentlichen Bestandteilen (Einf\u00fchrung der Naturnahen bzw. Naturgem\u00e4\u00dfen Waldwirtschaft\/Dauerwald; Wildbewirtschaftung- Jagd; Organisation der Bewirtschaftung sowie die Reduzierung des j\u00e4hrlichen Hiebssatzes f\u00fcr Laubholz um 50 %, Aufhebung des Hiebsatzes f\u00fcr Fichten) wird zur Beratung an die zu bildende Kommission \u00fcberwiesen.<\/li>\n<li>Der Einschlagstopp f\u00fcr gesunde Buchen (DRS. 19\/245-01) wird zur Beratung an die zu bildende Kommission \u00fcberwiesen.<\/li>\n<li>Die Forsteinrichtung 2017 (RS.16\/244-01) wird mit den \u00c4nderungen aus der &#8222;Erg\u00e4nzende Unterlage zur Forsteinrichtung aus 2017 im Stadtwald Taunusstein&#8220;, Verfasser: Sachverst\u00e4ndiger f\u00fcr Forstwirtschaft Peter Bachmann, B\u00fcro f\u00fcr angewandte \u00d6kologie und Forstplanung (B\u00d6F), Kassel, Juni 2021, zur Beratung an die zu bildende Kommission \u00fcberwiesen.<\/li>\n<li>Der Magistrat erh\u00e4lt die Vorlage zur Kenntnis.<\/li>\n<li>Die Ortsbeir\u00e4te und der Seniorenbeirat werden in die Entscheidungsfindung eingebunden. F\u00fcr die Ortsbeir\u00e4te soll in einer gemeinsamen Sitzung aller Ortsbeir\u00e4te das Waldkonzept vorgestellt und beraten werden.<\/li>\n<\/ol>\n<p>Nun also wird eine Kommission gebildet auf Basis der Hessischen Gemeindeordnung (HGO), bestehend aus dem B\u00fcrgermeister, Mitgliedern des Gemeindevorstandes und Gemeindevertretern sowie fachkundigen B\u00fcrgerinnen und B\u00fcrgern. Ach ja, auch die Ortsbeir\u00e4te und der Seniorenbeirat sollen, wie in Punkt 6 aufgef\u00fchrt, \u00fcber unseren B\u00fcrgerwald beraten. Herauskommen soll ein Konzept f\u00fcr eine <a href=\"https:\/\/www.umweltbundesamt.de\/daten\/land-forstwirtschaft\/nachhaltige-waldwirtschaft#die-vielfaltigen-funktionen-des-waldes\" title=\"Umweltbundesamt - Nachhaltige Waldwirtschaft\" rel=\"noopener noreferrer\" target=\"_blank\">naturnahe<\/a> Wald- und Jagdwirtschaft.<\/p>\n<p>K\u00fcnftig m\u00fcssen wir das <strong>H<\/strong> selbst auf die B\u00e4ume malen, also unsere st\u00e4dtischen Forstwirte. Bislang hat das <a href=\"https:\/\/www.hessen-forst.org\/waldpflege-bewirtschaftung\/\" title=\"Waldpflege durch HessenForst\" rel=\"noopener noreferrer\" target=\"_blank\">HessenForst<\/a> f\u00fcr uns gemacht:<\/p>\n<blockquote><p>B\u00e4ume mit H\u00f6hlen oder gro\u00dfen Vogelhorsten lassen wir bewusst stehen. Sie stellen eine wichtige Lebensgrundlage f\u00fcr viele seltene Arten wie z. B. Flederm\u00e4use, den Schwarzspecht oder Raufu\u00dfkauz dar. Wir Forstleute kennzeichnen sie mit einem &#8222;H&#8220; f\u00fcr &#8222;Habitatbaum&#8220;. HessenForst f\u00f6rdert damit ein Mosaik aus wertvollen Kleinsthabitaten im hessischen Wald.<\/p><\/blockquote>\n<p>Und als Ausblick:<\/p>\n<p>Wenn wir B\u00fcrgerinnen und B\u00fcrger irgendwann &#8211; so eine Kommission muss ja erst besetzt werden und dann in vielen, vielen Sitzungen sich durch den Forderungsdschungel arbeiten, Vorschl\u00e4ge bewerten, in konsensf\u00e4hige Konzepte gie\u00dfen und der Stadtverordnetenversammlung zur Abstimmung \u00fcbergeben. Also wenn das alles passiert ist, vielleicht aber schon ab sofort, k\u00f6nnten wir B\u00fcrger und B\u00fcrgerinnen doch mit unserem Wald gleich verantwortlich umgehen, so als w\u00e4re es jetzt schon unser <strong>B\u00fcrgerwald<\/strong>. Wie w\u00e4re es, wenn wir unsere Hunde anleinen, sodass sie nicht die Waldtiere, deren Zuhause der Wald ist, st\u00f6ren oder sogar t\u00f6ten? Wir k\u00f6nnten unseren M\u00fcll dort entsorgen, wo er hingeh\u00f6rt, also in die heimische M\u00fclltonne oder zum Sperrm\u00fcll geben. Und wir k\u00f6nnten &#8211; aus Eigennutz &#8211; mit Rauchen aufh\u00f6ren, zumindest aber die Kippen nicht im Wald entsorgen, wo jede weggeworfene Zigarette laut dem <a href=\"https:\/\/naturschutzbund.at\/umweltthemen\/articles\/kleine-ursache-grosse-wirkung-zigarettenstummel-in-der-umwelt.html\" title=\"Naturschutzbund \u00d6sterreich\" rel=\"noopener noreferrer\" target=\"_blank\">\u00f6sterreichischen Naturschutzbund<\/a> mit ihrem Mix aus Toxinen zwischen 40 und 60 Liter sauberes Grundwasser verunreinigt.<\/p>\n<p id=\"fn1\" class=\"details\"><small><a href=\"#anker1\" title=\"Zur\u00fcck\">[*]<\/a>generisches Femininum<\/small><\/p>\n","protected":false},"excerpt":{"rendered":"<p>Wir erben! Wir, das sind die B\u00fcrgerinnen und B\u00fcrger der gr\u00f6\u00dften Stadt im Rheingau-Taunus-Kreis Taunusstein. Bislang gibt es einen Stadtwald. Dieser wird liebevoll betreut vom Landesbetrieb HessenForst nach dem Diktum: Wir pflegen und bewirtschaften die uns anvertrauten W\u00e4lder nach den Grunds\u00e4tzen der Nachhaltigkeit. Eigent\u00fcmerin des Stadtwaldes, genauer K\u00f6rperschaftswaldes ist als&#8230;<\/p>\n<p> <a class=\"continue-reading-link\" href=\"https:\/\/annaland.de\/annablog\/stadtwald-taunusstein-buergerwald\/\"><span>Continue reading<\/span><i class=\"crycon-right-dir\"><\/i><\/a> <\/p>\n","protected":false},"author":1,"featured_media":0,"comment_status":"open","ping_status":"open","sticky":false,"template":"","format":"standard","meta":{"jetpack_post_was_ever_published":false,"_jetpack_newsletter_access":"","_jetpack_dont_email_post_to_subs":false,"_jetpack_newsletter_tier_id":0,"_jetpack_memberships_contains_paywalled_content":false,"_jetpack_memberships_contains_paid_content":false,"footnotes":"","jetpack_publicize_message":"","jetpack_publicize_feature_enabled":true,"jetpack_social_post_already_shared":true,"jetpack_social_options":{"image_generator_settings":{"template":"highway","default_image_id":0,"enabled":false},"version":2}},"categories":[12,23,30],"tags":[],"class_list":["post-925","post","type-post","status-publish","format-standard","hentry","category-stadtpolitik","category-umwelt","category-wandern"],"jetpack_publicize_connections":[],"jetpack_featured_media_url":"","jetpack_sharing_enabled":true,"jetpack_shortlink":"https:\/\/wp.me\/p9sfPX-eV","_links":{"self":[{"href":"https:\/\/annaland.de\/annablog\/wp-json\/wp\/v2\/posts\/925","targetHints":{"allow":["GET"]}}],"collection":[{"href":"https:\/\/annaland.de\/annablog\/wp-json\/wp\/v2\/posts"}],"about":[{"href":"https:\/\/annaland.de\/annablog\/wp-json\/wp\/v2\/types\/post"}],"author":[{"embeddable":true,"href":"https:\/\/annaland.de\/annablog\/wp-json\/wp\/v2\/users\/1"}],"replies":[{"embeddable":true,"href":"https:\/\/annaland.de\/annablog\/wp-json\/wp\/v2\/comments?post=925"}],"version-history":[{"count":49,"href":"https:\/\/annaland.de\/annablog\/wp-json\/wp\/v2\/posts\/925\/revisions"}],"predecessor-version":[{"id":1056,"href":"https:\/\/annaland.de\/annablog\/wp-json\/wp\/v2\/posts\/925\/revisions\/1056"}],"wp:attachment":[{"href":"https:\/\/annaland.de\/annablog\/wp-json\/wp\/v2\/media?parent=925"}],"wp:term":[{"taxonomy":"category","embeddable":true,"href":"https:\/\/annaland.de\/annablog\/wp-json\/wp\/v2\/categories?post=925"},{"taxonomy":"post_tag","embeddable":true,"href":"https:\/\/annaland.de\/annablog\/wp-json\/wp\/v2\/tags?post=925"}],"curies":[{"name":"wp","href":"https:\/\/api.w.org\/{rel}","templated":true}]}}