{"id":880,"date":"2022-01-01T15:29:32","date_gmt":"2022-01-01T14:29:32","guid":{"rendered":"https:\/\/annaland.de\/annablog\/?p=880"},"modified":"2022-01-01T15:29:32","modified_gmt":"2022-01-01T14:29:32","slug":"kritische-infrastruktur-schuetzen","status":"publish","type":"post","link":"https:\/\/annaland.de\/annablog\/kritische-infrastruktur-schuetzen\/","title":{"rendered":"Kritische Infrastruktur sch\u00fctzen"},"content":{"rendered":"<p>In Rheinbach im Rhein-Sieg-Kreis wird seit 1919 das <a href=\"https:\/\/www.dlr.de\/pi\/desktopdefault.aspx\/tabid-13545\/23543_read-54378\/\" title=\"Institut f\u00fcr den Schutz terrestrischer Infrastrukturen\" rel=\"noopener noreferrer\" target=\"_blank\">Institut f\u00fcr den Schutz terrestrischer Infrastrukturen<\/a>  des Deut\u00adsches Zen\u00adtrum f\u00fcr Luft-und Raum\u00adfahrt (DLR) aufgebaut und richtet seine Forschungs- und Entwicklungsaktivit\u00e4ten auf den Schutz kritischer Infrastrukturen. Die neue Einrichtung hat hier beispielsweise Wasser- und Energieversorgung, Schienen- und Luftverkehr, Krankenh\u00e4user, Beh\u00f6rden, Einrichtungen der Feuerwehr und des Katastrophenschutzes oder Gefahrstofflager im Focus. Als Gefahren werden u. a. Naturkatastrophen und Pandemien ausgemacht.<\/p>\n<p>Auch Taunusstein hat den Schutz kritischer Infrastruktur bereits neu in den Blick genommen. So hei\u00dft es in der Ver\u00f6ffentlichung zum Klimaanpassungskonzept, dem der Magistrat am 25. Oktober 2021 zugestimmt hat:<\/p>\n<blockquote><p>Das Klimaanpassungskonzept formuliert daf\u00fcr Ziele und Ma\u00dfnahmenvorschl\u00e4ge in acht Themengebieten: Bev\u00f6lkerungs- und Zivilschutz, Stadtplanung, Stadtgr\u00fcn, Mobilit\u00e4t, Wald, Wasser, Boden sowie Biotop- und Artenschutz. So sollen zum Beispiel die Verkehrsinfrastruktur vor Extremwetterereignissen gesch\u00fctzt oder klimaangepasste Stadtquartiere entwickelt werden.<\/p><\/blockquote>\n<p>Die gr\u00f6\u00dfte Stadt im Rheingau-Taunus-Kreis hatte bislang noch wenig unter Starkregenereignissen zu leiden, war in Vergangenheit allerdings schon von St\u00fcrmen wie zuletzt Sabine betroffen, die den Dauereinsatz der Feuerwehren notwendig gemacht hatte. B\u00fcrgermeister Sandro Zehner fordert:<\/p>\n<blockquote><p>Unser Ziel ist es, Taunusstein zu einer m\u00f6glichst klimaresilienten Stadt zu entwickeln und dabei die Lebensqualit\u00e4t auf dem sehr hohen Niveau zu halten.<\/p><\/blockquote>\n<p>Ausruhen k\u00f6nnen die Verantwortlichen der Stadt sich augenblicklich nicht. Die Pandemie fordert, die getroffenen Ma\u00dfnahmen in Sachen resilienter Infrastruktur best\u00e4ndig zu evaluieren. Und nun baut sich drohend die Omikron-Welle auf, von der noch niemand wei\u00df, wie stark sie Deutschland und damit auch Taunusstein treffen wird.<\/p>\n<p>Der Wiesbadener Kurier berichtete am 30.12.2021 zum Thema <a href=\"https:\/\/www.wiesbadener-kurier.de\/lokales\/untertaunus\/taunusstein\/wie-taunusstein-die-kritische-infrastruktur-schutzen-will_25074743\" title=\"Wie Taunusstein die kritische Infrastruktur sch\u00fctzen will (Paywall)\" rel=\"noopener noreferrer\" target=\"_blank\">Wie Taunusstein die kritische Infrastruktur sch\u00fctzen will<\/a>. B\u00fcrgermeister Zehner ist sich sicher, es m\u00fcsse darum gehen, die Kontakte der Mitarbeiter untereinander zu minimieren, damit im Fall einer Infektion nicht gr\u00f6\u00dfere Teile der Belegschaft in Quarant\u00e4ne m\u00fcssten oder sich gar ansteckten. Die Bereiche Wasserversorgung und Abwasserentsorgung habe man bei der Stadt besonders im Blick. <\/p>\n<p>Aber auch die Feuerwehr geh\u00f6rt zur kritischen Infrastruktur. Hier gibt es eine Corona-Ampel, die im Moment auf ROT steht, wie aus einer <a href=\"https:\/\/www.taunusstein.de\/info\/poi\/freiwillige_feuerwehr_taunusstein-900000459-29880\/meldungen.html?meldungId=2127\" title=\"Aktuelles der Taunussteiner Feuerwehr zur Corona-Pandemie\" rel=\"noopener noreferrer\" target=\"_blank\">Mitteilung<\/a> der Feuerwehr Taunusstein hervorgeht. <\/p>\n<blockquote><p>Die Marke der 100er-Inzidenz, die in unserer Corona-Ampel den Status ROT erzeugt, ist bereits seit l\u00e4ngerer Zeit \u00fcberschritten.<\/p><\/blockquote>\n<p>Verschiedene Szenarien bei einer weiter ansteigenden Inzidenz seien besprochen worden und so k\u00f6nne hier jederzeit nachgesteuert werden, ist nachzulesen. Als weitere Eskalationsstufe k\u00f6nne eine 2-G-Regelung auch im Bereich der Feuerwehr Taunusstein zum Tragen kommen. Und auch bei der Feuerwehr wird auf das Impfen der Einsatzkr\u00e4fte gesetzt. Besondere Impftermine f\u00fcr das Feuerwehrpersonal sind in der kommenden Woche in Hahn vorgesehen. <\/p>\n","protected":false},"excerpt":{"rendered":"<p>In Rheinbach im Rhein-Sieg-Kreis wird seit 1919 das Institut f\u00fcr den Schutz terrestrischer Infrastrukturen des Deut\u00adsches Zen\u00adtrum f\u00fcr Luft-und Raum\u00adfahrt (DLR) aufgebaut und richtet seine Forschungs- und Entwicklungsaktivit\u00e4ten auf den Schutz kritischer Infrastrukturen. Die neue Einrichtung hat hier beispielsweise Wasser- und Energieversorgung, Schienen- und Luftverkehr, Krankenh\u00e4user, Beh\u00f6rden, Einrichtungen der Feuerwehr&#8230;<\/p>\n<p> <a class=\"continue-reading-link\" href=\"https:\/\/annaland.de\/annablog\/kritische-infrastruktur-schuetzen\/\"><span>Continue reading<\/span><i class=\"crycon-right-dir\"><\/i><\/a> <\/p>\n","protected":false},"author":1,"featured_media":0,"comment_status":"open","ping_status":"open","sticky":false,"template":"","format":"standard","meta":{"jetpack_post_was_ever_published":false,"_jetpack_newsletter_access":"","_jetpack_dont_email_post_to_subs":false,"_jetpack_newsletter_tier_id":0,"_jetpack_memberships_contains_paywalled_content":false,"_jetpack_memberships_contains_paid_content":false,"footnotes":"","jetpack_publicize_message":"","jetpack_publicize_feature_enabled":true,"jetpack_social_post_already_shared":true,"jetpack_social_options":{"image_generator_settings":{"template":"highway","default_image_id":0,"enabled":false},"version":2}},"categories":[12,23],"tags":[],"class_list":["post-880","post","type-post","status-publish","format-standard","hentry","category-stadtpolitik","category-umwelt"],"jetpack_publicize_connections":[],"jetpack_featured_media_url":"","jetpack_sharing_enabled":true,"jetpack_shortlink":"https:\/\/wp.me\/p9sfPX-ec","_links":{"self":[{"href":"https:\/\/annaland.de\/annablog\/wp-json\/wp\/v2\/posts\/880","targetHints":{"allow":["GET"]}}],"collection":[{"href":"https:\/\/annaland.de\/annablog\/wp-json\/wp\/v2\/posts"}],"about":[{"href":"https:\/\/annaland.de\/annablog\/wp-json\/wp\/v2\/types\/post"}],"author":[{"embeddable":true,"href":"https:\/\/annaland.de\/annablog\/wp-json\/wp\/v2\/users\/1"}],"replies":[{"embeddable":true,"href":"https:\/\/annaland.de\/annablog\/wp-json\/wp\/v2\/comments?post=880"}],"version-history":[{"count":10,"href":"https:\/\/annaland.de\/annablog\/wp-json\/wp\/v2\/posts\/880\/revisions"}],"predecessor-version":[{"id":890,"href":"https:\/\/annaland.de\/annablog\/wp-json\/wp\/v2\/posts\/880\/revisions\/890"}],"wp:attachment":[{"href":"https:\/\/annaland.de\/annablog\/wp-json\/wp\/v2\/media?parent=880"}],"wp:term":[{"taxonomy":"category","embeddable":true,"href":"https:\/\/annaland.de\/annablog\/wp-json\/wp\/v2\/categories?post=880"},{"taxonomy":"post_tag","embeddable":true,"href":"https:\/\/annaland.de\/annablog\/wp-json\/wp\/v2\/tags?post=880"}],"curies":[{"name":"wp","href":"https:\/\/api.w.org\/{rel}","templated":true}]}}