{"id":737,"date":"2020-05-24T19:53:09","date_gmt":"2020-05-24T17:53:09","guid":{"rendered":"https:\/\/annaland.de\/annablog\/?p=737"},"modified":"2022-02-11T10:51:16","modified_gmt":"2022-02-11T09:51:16","slug":"commercial-crew-program","status":"publish","type":"post","link":"https:\/\/annaland.de\/annablog\/commercial-crew-program\/","title":{"rendered":"Commercial crew program"},"content":{"rendered":"<p>What a great and exciting time to be alive.<\/p>\n<p>Nicht alle Themen, die ich hier im Blog behandle, haben mit meiner Stadt Taunusstein zu tun. Ab und zu ist es Zeit, \u00fcber den Tellerrand zu schauen und hoch zu den Sternen zu blicken, wie im Blogartikel <a href=\"https:\/\/annaland.de\/annablog\/wir-gehen-zum-mond-um-zu-bleiben\/\">&#8222;Wir gehen zum Mond, um zu bleiben&#8220;<\/a>. Jetzt ist es wieder Zeit, nach oben zu schauen und zu erleben, wie nach langen neun Jahren erneut Astronauten von amerikanischem Boden in einem amerikanischen Raumsschiff unsere Internationale Raumstation im Orbit erreichen. Wenn uns das Wetter und all die hunderttausend anderen Dinge, die ein Problem werden k\u00f6nnen, gewogen bleiben, startet am Mittwoch, 27. Mai 2020, um 22:33 Uhr mitteleurop\u00e4ischer Zeit das Raumschiff Crew Dragon auf einer Falcon 9 Rakete vom legend\u00e4ren Launch Pad 39A auf dem Kennedy Space Center in Florida in den Weltraum. An Bord sind die erfahrenenen <abbr title=\"National Aeronautics and Space Administration\">NASA<\/abbr> Astronauten Robert Behnken und Douglas Hurley. <\/p>\n<p>In einer konzentriert entspannten Pressekonferenz berichten NASA Administrator Jim Bridenstine, NASA Associate Administrator Steve Jurczyk, Kathy Lueders, Manager, NASA Commercial Crew Program, Kirk Shireman, Manager, International Space Station Program, Benji Reed, Director of Crew Mission Management, SpaceX und Norm Knight, Deputy Director, NASA Johnson Space Center Flight Operations \u00fcber die anstehende Mission.<\/p>\n<span class=\"embed-youtube\" style=\"text-align:center; display: block;\"><iframe loading=\"lazy\" class=\"youtube-player\" width=\"900\" height=\"507\" src=\"https:\/\/www.youtube.com\/embed\/YWT68ASS5uw?version=3&#038;rel=0&#038;showsearch=0&#038;showinfo=1&#038;iv_load_policy=1&#038;fs=1&#038;hl=de-DE&#038;autohide=2&#038;wmode=transparent\" allowfullscreen=\"true\" style=\"border:0;\" sandbox=\"allow-scripts allow-same-origin allow-popups allow-presentation allow-popups-to-escape-sandbox\"><\/iframe><\/span>\n<p>(Das Video ist leider nicht mehr online.)<\/p>\n<p>Die Berichterstattung \u00fcber dieses Event ist ausf\u00fchrlich und die NASA hat hier einen <a href=\"https:\/\/www.nasa.gov\/multimedia\/nasatv\/schedule.html\" rel=\"noopener noreferrer\" target=\"_blank\" title=\"Terminplan der Berichterstattung zu DM-2\">Terminplan<\/a> zusammengestellt. Alle Zeitangaben sind Ortszeit und es sind jeweils 6 Stunden dazuzurechnen.<\/p>\n<p>Warum interessieren wir uns in Taunusstein f\u00fcr diesen Raketenstart? Nun in Deutschland haben wir zahlreiche Weltrauminstitutionen in vielen St\u00e4dten beheimatet. Unsere aktiven, sehr bekannten <abbr title=\"European Space Agency\">ESA<\/abbr>-Astronauten Alexander Gerst und Matthias Maurer reihen sich ein in eine beachtliche <a href=\"https:\/\/www.esa.int\/Space_in_Member_States\/Germany\/Die_deutschen_Astronauten\" rel=\"noopener noreferrer\" target=\"_blank\" title=\"ESA-Liste deutscher Astronauten\">Liste<\/a> deutscher Astronauten. Nach Thomas Reiter und Hans Schlegel ist Alexander Gerst der dritte deutsche Astronaut auf der <abbr title=\"International Space Station\">ISS<\/abbr> und insgesamt der elfte Deutsche im All. Und der n\u00e4chste deutsche Astronaut auf der Raumstation und wohl auch der erste Deutsche auf dem Mond wird Matthias Maurer sein.<\/p>\n<p>Es sind auch unsere Studenten, nicht nur in speziell Studieng\u00e4ngen wie Luft- und Raumfahrt an der Universit\u00e4t Bremen und der Technischen Universit\u00e4t Berlin, hier hat auch SpaceX Vice President Hans Koenigsmann seine <a href=\"https:\/\/de.wikipedia.org\/wiki\/Hans_Koenigsmann\" rel=\"noopener noreferrer\" target=\"_blank\" title=\"Wikipediaeintrag von Hans Koenigsmann\">Ausbildung<\/a> absolviert, die Teil der Artemis-Generation sind und vorangehen, wenn es im n\u00e4chsten Raumschiff Richtung Mond und weiter zum Mars geht.<\/p>\n<p>Bislang, seit das amerikanische Space Shuttle Programm beendet wurde, waren unsere Astronauten auf einen sehr teuren Platz in einer russischen Sojus-Kapsel angewiesen. Nach Medienberichten wurden f\u00fcr einen Hin- und R\u00fcckflug pro Astronaut 82 Millionen Dollar f\u00e4llig. Seit die NASA nun das Commercial Crew Program gestartet hat, wird es g\u00fcnstiger. Angeblich verlangt einer der Anbieter, das amerikanische Raumfahrtunternehmen <a href=\"https:\/\/www.spacex.com\/\" rel=\"noopener noreferrer\" target=\"_blank\" title=\"Raumfahrtunternehmen SpaceX\">SpaceX<\/a> &#8222;nur&#8220; 60 Millionen Dollar je Flug. Und SpaceX fliegt nun als erste Partnerfirma am 27. Mai in einem Demo-2 genannten Testflug die ersten beiden Astronauten zur ISS. Die beiden Piloten Bob und Doug werden das neue Schiff testen und ausprobieren, ob es taugt, f\u00fcr weitere Fl\u00fcge in Dienst genommen zu werden.<\/p>\n<p>Am Montag, 25. Mai, findet laut <a href=\"https:\/\/www.nasa.gov\/feature\/nasa-s-spacex-demo-2-briefings-events-and-broadcasts\" rel=\"noopener noreferrer\" target=\"_blank\" title=\"Press briefings\">NASA<\/a> wahrscheinlich gegen Mitternacht deutscher Zeit oder eine Stunde danach ein Prelaunch Briefing im Kennedy Space Center statt. Mit am Tisch wird dann auch Hans Koenigsmann, Build and Flight Reliability, sitzen, der Vice President bei SpaceX ist und aus Deutschland stammt. Weitere Teilnehmer sind erneut Kathy Lueders, Kirk Shireman, Norm Knight und zus\u00e4tzlich Mike McAleenan, Launch Weather Officer, 45th Weather Squadron, um einen Ausblick auf die Wetterverh\u00e4ltnisse zur Startzeit zu geben.<\/p>\n<p>Wenn Start, Flug und Docking gelingen, ist erneut ein wichtiger Meilenstein hin zur Erkundung fremder Planeten geschafft und das n\u00e4chste Ziel, erneut den Mond zu erreichen und die erste Frau und den n\u00e4chsten Mann auf unseren Erdtrabanten zu bringen, ein wenig n\u00e4her ger\u00fcckt.<\/p>\n<p>Wir dr\u00fccken die Daumen, dass die Mission gelingt. Kathy Lueders betonte beim Press Briefing am Freitag zwar<\/p>\n<blockquote><p>Don&#8217;t ever underestimate the value of a failure. When we&#8217;ve made the biggest progress, it&#8217;s been in learning from a failure and then using that as a step function to move [us] to the next level.<\/p><\/blockquote>\n<blockquote class=\"twitter-tweet\" data-width=\"550\" data-lang=\"en\" data-dnt=\"true\" data-partner=\"jetpack\"><p lang=\"en\" dir=\"ltr\">&quot;Don&#39;t ever underestimate the value of a failure... When we&#39;ve made the biggest progress, it&#39;s been in learning from a failure and then using that as a step function to move [us] to the next level.&quot; \u2014 Kathy Lueders, manager of our <a href=\"https:\/\/twitter.com\/Commercial_Crew?ref_src=twsrc%5Etfw\">@Commercial_Crew<\/a> program: <a href=\"https:\/\/t.co\/BJjSeRPqws\">pic.twitter.com\/BJjSeRPqws<\/a><\/p>&mdash; NASA (@NASA) <a href=\"https:\/\/twitter.com\/NASA\/status\/1263916717207695361?ref_src=twsrc%5Etfw\">May 22, 2020<\/a><\/blockquote>\n<p>Aber man kann auch sehr nachhaltig aus Erfolgen lernen. Dieser Flug soll ein umfassender Erfolg werden.<\/p>\n","protected":false},"excerpt":{"rendered":"<p>What a great and exciting time to be alive. Nicht alle Themen, die ich hier im Blog behandle, haben mit meiner Stadt Taunusstein zu tun. Ab und zu ist es Zeit, \u00fcber den Tellerrand zu schauen und hoch zu den Sternen zu blicken, wie im Blogartikel &#8222;Wir gehen zum Mond,&#8230;<\/p>\n<p> <a class=\"continue-reading-link\" href=\"https:\/\/annaland.de\/annablog\/commercial-crew-program\/\"><span>Continue reading<\/span><i class=\"crycon-right-dir\"><\/i><\/a> <\/p>\n","protected":false},"author":1,"featured_media":0,"comment_status":"open","ping_status":"open","sticky":false,"template":"","format":"standard","meta":{"jetpack_post_was_ever_published":false,"_jetpack_newsletter_access":"","_jetpack_dont_email_post_to_subs":false,"_jetpack_newsletter_tier_id":0,"_jetpack_memberships_contains_paywalled_content":false,"_jetpack_memberships_contains_paid_content":false,"footnotes":"","jetpack_publicize_message":"","jetpack_publicize_feature_enabled":true,"jetpack_social_post_already_shared":true,"jetpack_social_options":{"image_generator_settings":{"template":"highway","default_image_id":0,"enabled":false},"version":2}},"categories":[25],"tags":[28,27,26],"class_list":["post-737","post","type-post","status-publish","format-standard","hentry","category-space","tag-esa","tag-iss","tag-weltraum"],"jetpack_publicize_connections":[],"jetpack_featured_media_url":"","jetpack_sharing_enabled":true,"jetpack_shortlink":"https:\/\/wp.me\/p9sfPX-bT","_links":{"self":[{"href":"https:\/\/annaland.de\/annablog\/wp-json\/wp\/v2\/posts\/737","targetHints":{"allow":["GET"]}}],"collection":[{"href":"https:\/\/annaland.de\/annablog\/wp-json\/wp\/v2\/posts"}],"about":[{"href":"https:\/\/annaland.de\/annablog\/wp-json\/wp\/v2\/types\/post"}],"author":[{"embeddable":true,"href":"https:\/\/annaland.de\/annablog\/wp-json\/wp\/v2\/users\/1"}],"replies":[{"embeddable":true,"href":"https:\/\/annaland.de\/annablog\/wp-json\/wp\/v2\/comments?post=737"}],"version-history":[{"count":19,"href":"https:\/\/annaland.de\/annablog\/wp-json\/wp\/v2\/posts\/737\/revisions"}],"predecessor-version":[{"id":1077,"href":"https:\/\/annaland.de\/annablog\/wp-json\/wp\/v2\/posts\/737\/revisions\/1077"}],"wp:attachment":[{"href":"https:\/\/annaland.de\/annablog\/wp-json\/wp\/v2\/media?parent=737"}],"wp:term":[{"taxonomy":"category","embeddable":true,"href":"https:\/\/annaland.de\/annablog\/wp-json\/wp\/v2\/categories?post=737"},{"taxonomy":"post_tag","embeddable":true,"href":"https:\/\/annaland.de\/annablog\/wp-json\/wp\/v2\/tags?post=737"}],"curies":[{"name":"wp","href":"https:\/\/api.w.org\/{rel}","templated":true}]}}