{"id":7,"date":"2008-10-23T22:12:59","date_gmt":"2008-10-23T20:12:59","guid":{"rendered":"http:\/\/annaland.de\/annablog\/?p=7"},"modified":"2010-04-05T13:00:31","modified_gmt":"2010-04-05T11:00:31","slug":"taunusstein-hatte-ein-hallenbad","status":"publish","type":"post","link":"https:\/\/annaland.de\/annablog\/taunusstein-hatte-ein-hallenbad\/","title":{"rendered":"Taunusstein hat(te) ein Hallenbad"},"content":{"rendered":"<p>Nein &#8211; ich m\u00f6chte hier nicht unken. Taunusstein besitzt im Stadtteil Bleidenstadt im Sport- und Jugendzentrum ein kleines, aber feines und im Jahr 2000 aufw\u00e4ndig renoviertes Hallenbad. Obwohl die Sorge in der Stadt w\u00e4chst, dass das defizit\u00e4re Bad geschlossen werden m\u00fcsse, versucht B\u00fcrgermeister Michael Hofnagel &#8211; auch durch einen <a href=\"http:\/\/www.main-rheiner.de\/region\/objekt.php3?artikel_id=3485444\" title=\"Artikel des Wiesbadener Kurier lesen\" target=\"_blank\">Bericht<\/a><img decoding=\"async\" style=\"border:0; margin:0; padding:0;\" src=\"http:\/\/annaland.de\/annablog\/wp-content\/uploads\/2008\/02\/link_extern.gif\" alt=\"Grafik Link extern\" \/> im Wiesbadener Kurier &#8211; die zahlreichen Badeg\u00e4ste zu beruhigen: Es sei nichts dran an den Ger\u00fcchten, betont das Stadtoberhaupt.<\/p>\n<p>Zwar m\u00fcsse man im kommenden Jahr mit Unterhaltungskosten in H\u00f6he von rund 145 000 Euro rechnen, doch dieses Geld stehe im Entwurf des Haushaltes bereit. Allerdings werde \u00fcber eine weitere Nutzung des Bades geredet werden m\u00fcssen, so Hofnagel. Denn die Bem\u00fchungen der Stadt, einen Mieter zu finden oder die Einrichtung in die Obhut eines Vereins abzugeben, seien bisher ohne Ergebnis geblieben.<\/p>\n<p>Eine Erh\u00f6hung des Eintrittspreises werde von vielen besorgten Hallenbadnutzern dem Vernehmen nach nicht abgelehnt, wenn damit der Fortbestand des Bades, in dem viele Taunussteiner Kinder Schwimmen gelernt haben, gesichert werden k\u00f6nne. Bleibt also zu hoffen, dass der B\u00fcrgermeister sich weiterhin f\u00fcr den Fortbestand des einzigen Hallenbades der Taunusstadt einsetzt.<\/p>\n","protected":false},"excerpt":{"rendered":"<p>Nein &#8211; ich m\u00f6chte hier nicht unken. Taunusstein besitzt im Stadtteil Bleidenstadt im Sport- und Jugendzentrum ein kleines, aber feines und im Jahr 2000 aufw\u00e4ndig renoviertes Hallenbad. Obwohl die Sorge in der Stadt w\u00e4chst, dass das defizit\u00e4re Bad geschlossen werden m\u00fcsse, versucht B\u00fcrgermeister Michael Hofnagel &#8211; auch durch einen Bericht&#8230;<\/p>\n<p> <a class=\"continue-reading-link\" href=\"https:\/\/annaland.de\/annablog\/taunusstein-hatte-ein-hallenbad\/\"><span>Continue reading<\/span><i class=\"crycon-right-dir\"><\/i><\/a> <\/p>\n","protected":false},"author":1,"featured_media":0,"comment_status":"open","ping_status":"open","sticky":false,"template":"","format":"standard","meta":{"jetpack_post_was_ever_published":false,"_jetpack_newsletter_access":"","_jetpack_dont_email_post_to_subs":false,"_jetpack_newsletter_tier_id":0,"_jetpack_memberships_contains_paywalled_content":false,"_jetpack_memberships_contains_paid_content":false,"footnotes":"","jetpack_publicize_message":"","jetpack_publicize_feature_enabled":true,"jetpack_social_post_already_shared":false,"jetpack_social_options":{"image_generator_settings":{"template":"highway","default_image_id":0,"enabled":false},"version":2}},"categories":[1],"tags":[],"class_list":["post-7","post","type-post","status-publish","format-standard","hentry","category-allgemein"],"jetpack_publicize_connections":[],"jetpack_featured_media_url":"","jetpack_sharing_enabled":true,"jetpack_shortlink":"https:\/\/wp.me\/p9sfPX-7","_links":{"self":[{"href":"https:\/\/annaland.de\/annablog\/wp-json\/wp\/v2\/posts\/7","targetHints":{"allow":["GET"]}}],"collection":[{"href":"https:\/\/annaland.de\/annablog\/wp-json\/wp\/v2\/posts"}],"about":[{"href":"https:\/\/annaland.de\/annablog\/wp-json\/wp\/v2\/types\/post"}],"author":[{"embeddable":true,"href":"https:\/\/annaland.de\/annablog\/wp-json\/wp\/v2\/users\/1"}],"replies":[{"embeddable":true,"href":"https:\/\/annaland.de\/annablog\/wp-json\/wp\/v2\/comments?post=7"}],"version-history":[{"count":3,"href":"https:\/\/annaland.de\/annablog\/wp-json\/wp\/v2\/posts\/7\/revisions"}],"predecessor-version":[{"id":189,"href":"https:\/\/annaland.de\/annablog\/wp-json\/wp\/v2\/posts\/7\/revisions\/189"}],"wp:attachment":[{"href":"https:\/\/annaland.de\/annablog\/wp-json\/wp\/v2\/media?parent=7"}],"wp:term":[{"taxonomy":"category","embeddable":true,"href":"https:\/\/annaland.de\/annablog\/wp-json\/wp\/v2\/categories?post=7"},{"taxonomy":"post_tag","embeddable":true,"href":"https:\/\/annaland.de\/annablog\/wp-json\/wp\/v2\/tags?post=7"}],"curies":[{"name":"wp","href":"https:\/\/api.w.org\/{rel}","templated":true}]}}