{"id":548,"date":"2020-02-14T16:28:06","date_gmt":"2020-02-14T15:28:06","guid":{"rendered":"https:\/\/annaland.de\/annablog\/?p=548"},"modified":"2021-03-21T12:29:28","modified_gmt":"2021-03-21T11:29:28","slug":"fluglaerm-in-taunusstein","status":"publish","type":"post","link":"https:\/\/annaland.de\/annablog\/fluglaerm-in-taunusstein\/","title":{"rendered":"Flugl\u00e4rm in Taunusstein"},"content":{"rendered":"<p>Gef\u00fchlt hat der Anteil der laut die Stadt Taunusstein \u00fcberquerenden Flugzeuge in den vergangenen Jahren zugenommen. Wie oft dachte ich, der Frankfurter Flughafen ist n\u00e4her Richtung Taunusstein-Wehen umgesiedelt worden, aber das ist nat\u00fcrlich Unsinn.<\/p>\n<p>Vor vielen Jahren gab es \u00fcber der Taunusstadt immer wieder Flugl\u00e4rm, verursacht durch die Piloten der Airbase in Wiesbaden-Erbenheim. Aber die US-Soldaten sind nicht mehr verantwortlich f\u00fcr den aktuell wahrzunehmenden L\u00e4rm durch \u00fcberfliegende Maschinen. Es sind heute haupts\u00e4chlich Flugzeuge, die den Frankfurter Flughafen anfliegen.<\/p>\n<p>Dass Piloten allerdings in nur 2.000 Metern H\u00f6he die Taunusstadt queren, ist Ausnahme, zu niedrig und damit, besonders in den Nachtstunden zu laut. Zwischen 23 und 5 Uhr gilt das Nachtflugverbot, dass allerdings von zahlreichen <a target=\"_blank\" rel=\"noopener noreferrer\" href=\"https:\/\/www.fnp.de\/frankfurt\/frankfurt-flughafen-naechtlicher-fluglaerm-nimmt-grund-zr-12353948.html\">Ausnahmegenehmigungen<\/a> durchl\u00f6chert wurde.<\/p>\n<p>Sind wir diesen Niedrigfliegern hilflos ausgeliefert? <\/p>\n<p>Die Fraport AG stellt uns l\u00e4rmgeplagten B\u00fcrgern gute Tools zur Verf\u00fcgung. Auf <a href=\"https:\/\/franom.fraport.de\/franom.php\" title=\"Interaktive Flugbeobachtungsseite\" rel=\"noopener noreferrer\" target=\"_blank\">FRA NoM (Fraport Noise Monitoring)<\/a> werden aktuell gemessene L\u00e4rmwerte an den station\u00e4ren Flugl\u00e4rmmessstellen der Fraport AG sowie An- und Abfl\u00fcge am Flughafen Frankfurt angezeigt. Die Darstellung im Modus &#8222;Aktuell&#8220; erfolgt aus &#8222;technischen Gr\u00fcnden&#8220; mit einer Zeitverz\u00f6gerung von 2 Stunden. Es gibt ein Archiv (Men\u00fcpunkt auf der Seite oben), \u00fcber den man zum Tag und der Uhrzeit zur\u00fcckgehen, und dar\u00fcber den st\u00f6renden Flieger identifizieren kann.<\/p>\n<p>Und man kann sich beschweren und den &#8222;\u00dcbelt\u00e4ter&#8220; melden. Sie k\u00f6nnen kostenfrei beim Nachbarschaftsdialog der Fraport anrufen unter +49 800 2345679, <del datetime=\"2021-03-21T11:03:28+00:00\">eine E-Mail schicken an <a href=\"mailto:nachbarschaftsdialog@fraport.de\">nachbarschaftsdialog@fraport.de<\/a> mit den genauen Flugdaten oder Ort und Zeit des \u00dcberfluges<\/del><sup><a id=\"anker1\" title=\"Zur Erl\u00e4uterung\" href=\"#fn1\">[*]<\/a><\/sup> und dieses <a href=\"https:\/\/sslapps.fraport.de\/infofonapp\/formular\" rel=\"noopener noreferrer\" target=\"_blank\" title=\"Kontaktformular f\u00fcr eine Flugl\u00e4rmbeschwerde\">Kontaktformular<\/a> nutzen. Im Formular macht man ein H\u00e4kchen bei &#8222;Ich w\u00fcnsche Antwort&#8220; und der gemeldete Fall wird nicht nur untersucht, man bekommt auch eine R\u00fcckmeldung. Wenn der Pilot sich tats\u00e4chlich &#8222;verflogen&#8220; hat, wird gegen ihn ein Ordnungswidrigkeitsverfahren eingeleitet, wie auf dieser <a href=\"https:\/\/www.fraport.de\/de\/nachbarschaft-region\/dialog\/wissenswertes\/fluglaerm\/fraport-leitet-alle-auffaelligen-fluege-an-die-fluglaermschutzbe.html\" rel=\"noopener noreferrer\" target=\"_blank\" title=\"Was passiert, wenn Flugzeuge die l\u00e4rmmindernden An- und Abflugverfahren nicht einhalten und was passiert mit meiner Flugl\u00e4rmbeschwerde?\">Informationsseite<\/a> zu lesen ist.<\/p>\n<p>Um sich ein Bild von den vorgesehen \u00dcberflugrouten zu machen, ist diese <a href=\"http:\/\/framap.fraport.de\/aimport\/isfl\/Modul_Gis\/main.aspx?AID=ISFL2&#038;STY=6&#038;ADR=true\" rel=\"noopener noreferrer\" target=\"_blank\" title=\"Unterschiedliche Parameter lassen sich im Seitenmen\u00fc rechts einstellen\">Webseite der Fraport<\/a> gut geeignet. Hier kann man dann den l\u00e4rmgeplagten Stadtteil eintragen und erh\u00e4lt eine PDF-Datei mit n\u00e4heren Daten, so z. B.:<\/p>\n<ul>\n<li>Der von Ihnen ausgew\u00e4hlte Standort, dargestellt in den Karten &#8222;Standort Westbetrieb (BR25)&#8220; \/ &#8222;Standort Ostbetrieb (BR07)&#8220; durch unseren Ortungs-Pin \u2022, liegt ca. 25 km nordwestlich vom Flughafen.  <\/li>\n<li>Ihr Standort ist im Umkreis von 5 km vom an- und abfliegenden Verkehr betroffen. Um welche Routen es sich hierbei handelt und wie h\u00e4ufig sie beflogen werden, erfahren Sie unter: &#8222;Was verursacht den Flugl\u00e4rm am gew\u00e4hlten Standort?&#8220;  <\/li>\n<li>Der Standort befindet sich au\u00dferhalb der f\u00fcr den Tag \/ die Nacht berechneten Flugl\u00e4rmkontur. In diesem Fall wird ein Pegel von kleiner 50 dB(A) am Tag und kleiner 45 dB(A) in der Nacht ausgewiesen. Was diese Angaben bedeuten, erfahren Sie unter der Rubrik &#8222;Flugl\u00e4rm&#8220;.<\/li>\n<\/ul>\n<div id=\"attachment_674\" style=\"width: 308px\" class=\"wp-caption aligncenter\"><a href=\"https:\/\/annaland.de\/annablog\/wp-content\/uploads\/2020\/02\/ueberflug_taunusstein.png\"><img loading=\"lazy\" decoding=\"async\" aria-describedby=\"caption-attachment-674\" src=\"https:\/\/annaland.de\/annablog\/wp-content\/uploads\/2020\/02\/ueberflug_taunusstein-298x300.png\" alt=\"Flugzeuge \u00fcber Taunusstein\" width=\"298\" height=\"300\" class=\"size-medium wp-image-674\" srcset=\"https:\/\/annaland.de\/annablog\/wp-content\/uploads\/2020\/02\/ueberflug_taunusstein-298x300.png 298w, https:\/\/annaland.de\/annablog\/wp-content\/uploads\/2020\/02\/ueberflug_taunusstein-150x150.png 150w, https:\/\/annaland.de\/annablog\/wp-content\/uploads\/2020\/02\/ueberflug_taunusstein-768x774.png 768w, https:\/\/annaland.de\/annablog\/wp-content\/uploads\/2020\/02\/ueberflug_taunusstein-400x403.png 400w, https:\/\/annaland.de\/annablog\/wp-content\/uploads\/2020\/02\/ueberflug_taunusstein.png 838w\" sizes=\"auto, (max-width: 298px) 100vw, 298px\" \/><\/a><p id=\"caption-attachment-674\" class=\"wp-caption-text\">Flugl\u00e4rmbereich bei Ostbetrieb am Flughafen Frankfurt<\/p><\/div>\n<p>Unter den angegebenen \u00dcberschriften finden sich dann weitere Informationen. Und so wei\u00df der genervte Einwohner Bescheid, allerdings \u00e4ndert sich damit nichts am Flugzeugl\u00e4rm.<\/p>\n<p>So bleibt nur, regelm\u00e4\u00dfig der Kontaktstelle Nachbarschaftsdialog Bescheid zu geben. Zu beachten ist dabei allerdings: &#8222;Flugl\u00e4rmbeschwerden \u00fcber einzelne \u00dcberfl\u00fcge sind innerhalb von 3 Tagen nach dem entsprechenden Flugl\u00e4rmereignis aufzugeben, so dass wir sie l\u00fcckenlos bearbeiten k\u00f6nnen. Sp\u00e4ter eingegangene Beschwerden k\u00f6nnen nur in die Beschwerdestatistik aufgenommen werden.&#8220;<\/p>\n<p id=\"fn1\" class=\"details\"><small><a href=\"#anker1\" title=\"Zur\u00fcck\">[*]<\/a> Das Team von Fraport Nachbarschaftsdialog hat mir am 17.03.2021 mitgeteilt, dass die Mailadresse nicht mehr g\u00fcltig ist und darauf hingewiesen, dass nunmehr die Kontaktaufnahme f\u00fcr Anfragende und Beschwerdef\u00fchrer zu den o.g. Themen \u00fcber das Anwohner-Portal <a href=\"https:\/\/fraport.de\/anwohnerfragen\" rel=\"noopener noreferrer\" target=\"_blank\" title=\"Anwohnerportal f\u00fcr Flugbeschwerde f\u00fcr eine Flugl\u00e4rmbeschwerde\">www.fraport.de\/anwohnerfragen<\/a> geb\u00fcndelt wurde. <\/small><\/p>\n","protected":false},"excerpt":{"rendered":"<p>Gef\u00fchlt hat der Anteil der laut die Stadt Taunusstein \u00fcberquerenden Flugzeuge in den vergangenen Jahren zugenommen. Wie oft dachte ich, der Frankfurter Flughafen ist n\u00e4her Richtung Taunusstein-Wehen umgesiedelt worden, aber das ist nat\u00fcrlich Unsinn. Vor vielen Jahren gab es \u00fcber der Taunusstadt immer wieder Flugl\u00e4rm, verursacht durch die Piloten der&#8230;<\/p>\n<p> <a class=\"continue-reading-link\" href=\"https:\/\/annaland.de\/annablog\/fluglaerm-in-taunusstein\/\"><span>Continue reading<\/span><i class=\"crycon-right-dir\"><\/i><\/a> <\/p>\n","protected":false},"author":1,"featured_media":0,"comment_status":"open","ping_status":"open","sticky":false,"template":"","format":"standard","meta":{"jetpack_post_was_ever_published":false,"_jetpack_newsletter_access":"","_jetpack_dont_email_post_to_subs":false,"_jetpack_newsletter_tier_id":0,"_jetpack_memberships_contains_paywalled_content":false,"_jetpack_memberships_contains_paid_content":false,"footnotes":"","jetpack_publicize_message":"","jetpack_publicize_feature_enabled":true,"jetpack_social_post_already_shared":true,"jetpack_social_options":{"image_generator_settings":{"template":"highway","default_image_id":0,"enabled":false},"version":2}},"categories":[1,23],"tags":[29],"class_list":["post-548","post","type-post","status-publish","format-standard","hentry","category-allgemein","category-umwelt","tag-fluglaerm"],"jetpack_publicize_connections":[],"jetpack_featured_media_url":"","jetpack_sharing_enabled":true,"jetpack_shortlink":"https:\/\/wp.me\/p9sfPX-8Q","_links":{"self":[{"href":"https:\/\/annaland.de\/annablog\/wp-json\/wp\/v2\/posts\/548","targetHints":{"allow":["GET"]}}],"collection":[{"href":"https:\/\/annaland.de\/annablog\/wp-json\/wp\/v2\/posts"}],"about":[{"href":"https:\/\/annaland.de\/annablog\/wp-json\/wp\/v2\/types\/post"}],"author":[{"embeddable":true,"href":"https:\/\/annaland.de\/annablog\/wp-json\/wp\/v2\/users\/1"}],"replies":[{"embeddable":true,"href":"https:\/\/annaland.de\/annablog\/wp-json\/wp\/v2\/comments?post=548"}],"version-history":[{"count":19,"href":"https:\/\/annaland.de\/annablog\/wp-json\/wp\/v2\/posts\/548\/revisions"}],"predecessor-version":[{"id":780,"href":"https:\/\/annaland.de\/annablog\/wp-json\/wp\/v2\/posts\/548\/revisions\/780"}],"wp:attachment":[{"href":"https:\/\/annaland.de\/annablog\/wp-json\/wp\/v2\/media?parent=548"}],"wp:term":[{"taxonomy":"category","embeddable":true,"href":"https:\/\/annaland.de\/annablog\/wp-json\/wp\/v2\/categories?post=548"},{"taxonomy":"post_tag","embeddable":true,"href":"https:\/\/annaland.de\/annablog\/wp-json\/wp\/v2\/tags?post=548"}],"curies":[{"name":"wp","href":"https:\/\/api.w.org\/{rel}","templated":true}]}}