{"id":539,"date":"2019-07-31T23:09:09","date_gmt":"2019-07-31T21:09:09","guid":{"rendered":"https:\/\/annaland.de\/annablog\/?p=539"},"modified":"2019-07-31T23:09:09","modified_gmt":"2019-07-31T21:09:09","slug":"wir-gehen-zum-mond-um-zu-bleiben","status":"publish","type":"post","link":"https:\/\/annaland.de\/annablog\/wir-gehen-zum-mond-um-zu-bleiben\/","title":{"rendered":"Wir gehen zum Mond, um zu bleiben"},"content":{"rendered":"<p>NASA Administrator Jim Bridenstine ist der Leiter der <strong>N<\/strong>ational <strong>A<\/strong>eronautics and <strong>S<\/strong>pace <strong>A<\/strong>dministration, der Weltraumorganisation der Vereinigten Staaten. Er sagt:<\/p>\n<blockquote><p>We Go: To the Moon and on to Mars. Today&#8217;s #Artemis generation will explore farther than we&#8217;ve ever gone before. The Artemis program will send the first woman and next man to walk on the lunar surface and build a sustainable base to prepare for missions to Mars and beyond.<\/p><\/blockquote>\n<span class=\"embed-youtube\" style=\"text-align:center; display: block;\"><iframe loading=\"lazy\" class=\"youtube-player\" width=\"900\" height=\"507\" src=\"https:\/\/www.youtube.com\/embed\/dOKKkV-30dE?version=3&#038;rel=0&#038;showsearch=0&#038;showinfo=1&#038;iv_load_policy=1&#038;fs=1&#038;hl=de-DE&#038;autohide=2&#038;wmode=transparent\" allowfullscreen=\"true\" style=\"border:0;\" sandbox=\"allow-scripts allow-same-origin allow-popups allow-presentation allow-popups-to-escape-sandbox\"><\/iframe><\/span>\n<p>Im Video ist zu h\u00f6ren, dass das &#8222;We go&#8220; f\u00fcr alle Amerikaner gilt. Nun, die NASA ist die Weltraumorganisation der <abbr title=\"United States of America\">USA<\/abbr>. Wir k\u00f6nnen aber mit vollem Recht in Anspruch nehmen, dass dieses &#8222;Gehen&#8220; f\u00fcr die Menschheit allgemein auf unserem blauen Planeten gilt.<\/p>\n<p>In Deutschland gibt es Standorte der <abbr title=\"European Space Agency\">ESA<\/abbr>, der <a href=\"https:\/\/www.esa.int\/ger\/ESA_in_your_country\/Germany\/Das_Europaeische_Astronautenkorps2\" rel=\"noopener noreferrer\" title=\"Europ\u00e4ische Astronauten\" target=\"_blank\">Europ\u00e4ischen Weltraumorganisation<\/a> in Darmstadt, K\u00f6ln und Oberpfaffenhofen. Die Astronautenabteilung des Europ\u00e4ischen Astronautenzentrums (EAC) in K\u00f6ln unter der Leitung von Frank de Winne ist f\u00fcr alle europ\u00e4ischen Astronauten verantwortlich.<\/p>\n<p>Sechs neue ESA-Astronauten haben ihr Basistraining im EAC im September 2009 begonnen. Die neuen Astronauten der Klasse von 2009 waren:<\/p>\n<ul>\n<li>Samantha Cristoforetti, aus Mailand, Italien<\/li>\n<li>Alexander Gerst, aus K\u00fcnzelsau, Deutschland<\/li>\n<li>Andreas Mogensen, aus Kopenhagen, D\u00e4nemark<\/li>\n<li>Luca Parmitano, aus Patern\u00f2, Italien<\/li>\n<li>Timothy Peake, aus Chichester, Gro\u00dfbritannien<\/li>\n<li>Thomas Pesquet, aus Rouen, Frankreich<\/li>\n<\/ul>\n<p>Alexander Gerst war bereits zweimal auf unserer Internationalen Raumstation ISS, zuletzt als erster deutscher Kommandant der Station. Und er war 2015 zu Gast im <a href=\"http:\/\/www.gymnasium-taunusstein.de\/astronaut-gerst-in-bleidenstadt\/\" rel=\"noopener noreferrer\" title=\"Bericht des Gymnasiums \u00fcber den Besuch Gersts\" target=\"_blank\">Taunussteiner Gymnasium<\/a> in Bleidenstadt, um von seiner ersten Mission im Orbit zu berichten.<\/p>\n<p>Seit Juli 2015 ist auch Matthias Maurer aus St. Wendel, Deutschland, Mitglied des Astronautenkorps. 2017 schloss er seine Astronauten-Grundausbildung ab. Und Matthias Maurer hat gro\u00dfe Chancen der erste deutsche Astronaut zu sein, der auf der Oberfl\u00e4che des Mondes steht.<\/p>\n<p>Aktuell ist sein italienischer Kollege <a href=\"http:\/\/www.esa.int\/ger\/ESA_in_your_country\/Germany\/Luca_Parmitano_ist_auf_die_ISS_zurueckgekehrt\" rel=\"noopener noreferrer\" title=\"ESA-Bericht \u00fcber Luca Parmitano\" target=\"_blank\">Luca Parmitano<\/a> Bewohner der Raumstation ISS. Er ist seit dem 21. Juli an Board des fliegenden Labors und wird im Herbst auch die Rolle des ISS-Kommandanten f\u00fcr die anschlie\u00dfende Expedition 61 \u00fcbernehmen, womit nach den ESA-Astronauten Frank De Winne (2009) und Alexander Gerst (2018) zum dritten Mal ein europ\u00e4ischer Astronaut und zum ersten Mal ein italienischer ESA-Astronaut diese Funktion innehaben wird. <\/p>\n<p>Raumfahrt ist spannend und wir Europ\u00e4er sind mittendrin dabei. Der Flug zum Mond ist nur ein weiterer Schritt in Richtung Mars. Wir sind auf dem Weg, multiplanetar zu werden.<\/p>\n","protected":false},"excerpt":{"rendered":"<p>NASA Administrator Jim Bridenstine ist der Leiter der National Aeronautics and Space Administration, der Weltraumorganisation der Vereinigten Staaten. Er sagt: We Go: To the Moon and on to Mars. Today&#8217;s #Artemis generation will explore farther than we&#8217;ve ever gone before. The Artemis program will send the first woman and next&#8230;<\/p>\n<p> <a class=\"continue-reading-link\" href=\"https:\/\/annaland.de\/annablog\/wir-gehen-zum-mond-um-zu-bleiben\/\"><span>Continue reading<\/span><i class=\"crycon-right-dir\"><\/i><\/a> <\/p>\n","protected":false},"author":1,"featured_media":0,"comment_status":"open","ping_status":"open","sticky":false,"template":"","format":"standard","meta":{"jetpack_post_was_ever_published":false,"_jetpack_newsletter_access":"","_jetpack_dont_email_post_to_subs":false,"_jetpack_newsletter_tier_id":0,"_jetpack_memberships_contains_paywalled_content":false,"_jetpack_memberships_contains_paid_content":false,"footnotes":"","jetpack_publicize_message":"","jetpack_publicize_feature_enabled":true,"jetpack_social_post_already_shared":true,"jetpack_social_options":{"image_generator_settings":{"template":"highway","default_image_id":0,"enabled":false},"version":2}},"categories":[25],"tags":[28,27,26],"class_list":["post-539","post","type-post","status-publish","format-standard","hentry","category-space","tag-esa","tag-iss","tag-weltraum"],"jetpack_publicize_connections":[],"jetpack_featured_media_url":"","jetpack_sharing_enabled":true,"jetpack_shortlink":"https:\/\/wp.me\/p9sfPX-8H","_links":{"self":[{"href":"https:\/\/annaland.de\/annablog\/wp-json\/wp\/v2\/posts\/539","targetHints":{"allow":["GET"]}}],"collection":[{"href":"https:\/\/annaland.de\/annablog\/wp-json\/wp\/v2\/posts"}],"about":[{"href":"https:\/\/annaland.de\/annablog\/wp-json\/wp\/v2\/types\/post"}],"author":[{"embeddable":true,"href":"https:\/\/annaland.de\/annablog\/wp-json\/wp\/v2\/users\/1"}],"replies":[{"embeddable":true,"href":"https:\/\/annaland.de\/annablog\/wp-json\/wp\/v2\/comments?post=539"}],"version-history":[{"count":8,"href":"https:\/\/annaland.de\/annablog\/wp-json\/wp\/v2\/posts\/539\/revisions"}],"predecessor-version":[{"id":547,"href":"https:\/\/annaland.de\/annablog\/wp-json\/wp\/v2\/posts\/539\/revisions\/547"}],"wp:attachment":[{"href":"https:\/\/annaland.de\/annablog\/wp-json\/wp\/v2\/media?parent=539"}],"wp:term":[{"taxonomy":"category","embeddable":true,"href":"https:\/\/annaland.de\/annablog\/wp-json\/wp\/v2\/categories?post=539"},{"taxonomy":"post_tag","embeddable":true,"href":"https:\/\/annaland.de\/annablog\/wp-json\/wp\/v2\/tags?post=539"}],"curies":[{"name":"wp","href":"https:\/\/api.w.org\/{rel}","templated":true}]}}