{"id":512,"date":"2019-06-23T15:00:02","date_gmt":"2019-06-23T13:00:02","guid":{"rendered":"http:\/\/annaland.de\/annablog\/?p=512"},"modified":"2019-06-27T11:24:15","modified_gmt":"2019-06-27T09:24:15","slug":"taunusstein-stadt-in-den-bergen","status":"publish","type":"post","link":"https:\/\/annaland.de\/annablog\/taunusstein-stadt-in-den-bergen\/","title":{"rendered":"Taunusstein &#8211; Stadt in den Bergen"},"content":{"rendered":"<p><a href=\"https:\/\/www.duden.de\/rechtschreibung\/nomen_est_omen\" rel=\"noopener noreferrer\" title=\"Duden: Der Name deutet schon darauf hin\" target=\"_blank\">Nomen est Omen<\/a> &#8211; Auf unsere sch\u00f6ne Stadt Taunusstein bezogen bewahrheitet sich diese lateinische Redensart nicht zuletzt auf unseren Stra\u00dfen.<\/p>\n<p>Taunusstein, mit seinen gebirgigen, schlecht zug\u00e4nglichen und kaum ausgebauten und wenig befestigten Stra\u00dfen im unwirtlichen Teil des Mittelgebirges Taunus, der Teil des Rheinischen Schiefergebirges ist und laut <a href=\"https:\/\/de.wikipedia.org\/wiki\/Taunus\" rel=\"noopener noreferrer\" title=\"Wikipedia-Definition\" target=\"_blank\">Wikipedia<\/a> zu den \u00e4ltesten Gebirgen Deutschlands geh\u00f6rt, stellt besonders f\u00fcr die auto-mobile Gesellschaft eine echte Herausforderung dar.<\/p>\n<p>Aber das alteingesessene Bergvolk &#8211; und auch die Zugereisten haben sich eingerichtet &#8211; hat Mittel und Wege gefunden, die immerhin <a href=\"https:\/\/www.taunusstein.de\/portal\/seiten\/stadtportrait-900000052-29880.html\" rel=\"noopener noreferrer\" title=\"Webseite der Stadt Taunusstein mit allen Stadtteilen\" target=\"_blank\">10 Stadtteile<\/a> zu bereisen und auch zu den umliegenden Ortschaften Kontakt zu halten.<\/p>\n<p>Das Bildungsb\u00fcrgertum sieht sich veranlasst, dem Nachwuchs gute Entwicklungsm\u00f6glichkeiten zu bieten und in der Taunusstadt wird vom Krippenplatz bis hin zum Gymnasium alles geboten, um die Kleinen und Heranwachsenden optimal zu unterst\u00fctzen.<\/p>\n<p>Es liegt auf der Hand, dass das soeben der Elternzeit entwachsene Kleinkind zum Krippenplatz gefahren werden muss. Und um diese Aufgabe angesichts der Stra\u00dfen, die laut B\u00fcrgermeister (siehe Video) und auch ganz augenf\u00e4llig in einem &#8222;schlechten Zustand&#8220; sind, gefahrlos (oder wenigstens ann\u00e4hernd) meistern zu k\u00f6nnen, ist das Halten eines entsprechend gel\u00e4ndeg\u00e4ngigen Fahrzeuges angezeigt.<\/p>\n<span class=\"embed-youtube\" style=\"text-align:center; display: block;\"><iframe loading=\"lazy\" class=\"youtube-player\" width=\"900\" height=\"507\" src=\"https:\/\/www.youtube.com\/embed\/pJXYKWOzmvo?version=3&#038;rel=0&#038;showsearch=0&#038;showinfo=1&#038;iv_load_policy=1&#038;fs=1&#038;hl=de-DE&#038;autohide=2&#038;wmode=transparent\" allowfullscreen=\"true\" style=\"border:0;\" sandbox=\"allow-scripts allow-same-origin allow-popups allow-presentation allow-popups-to-escape-sandbox\"><\/iframe><\/span>\n<p>Aber auch die Schulkinder und besonders die der h\u00f6heren Klassen m\u00fcssen unter dem Schutz und in Begleitung ihrer Erziehungsberechtigten bis zum Tor ihrer Schule gebracht werden. Die M\u00f6glichkeiten des \u00f6ffentlichen Nahverkehrs in der Gebirgsstadt sind begrenzt, die <a href=\"https:\/\/www.taunusstein.de\/portal\/pressemitteilungen\/kreis-taunusstein-und-bad-schwalbach-zeigen-unmissverstaendlich-flagge-900000620-29880.html\" rel=\"noopener noreferrer\" title=\"Pressemitteilung der Stadt Taunusstein\" target=\"_blank\">Taunustangente der CityBahn<\/a> ist zwar gewollt, doch noch in weiter Ferne und das Schulstundenaufkommen ist unberechenbar.<\/p>\n<p>Einzig Offroad-Fahrzeuge bieten da entsprechend Hilfe. Die praktischen SUVs haben in Taunusstein (<a href=\"https:\/\/www.welt.de\/wirtschaft\/article195721707\/SUV-Absatz-Mehr-als-eine-Million-neu-zugelassene-Fahrzeuge.html\" rel=\"noopener noreferrer\" title=\"Bericht der 'Welt'\" target=\"_blank\">und in der gesamten Republik<\/a>) mittlerweile die Oberhand gewonnen und die Mobilit\u00e4t sowie ein geregelter Schulbesuch der k\u00fcnftigen Akademiker konnten so sichergestellt werden.<\/p>\n<p>Die Taunusstadt jedoch steht nicht allein da mit ihrem Kinder-Bef\u00f6rderungsproblem. So haben auch die Bewohner der Bundeshauptstadt mit schwer passierbaren Wegstrecken zu k\u00e4mpfen. Und auch hier haben findige B\u00fcrger die Segnungen der hohen und breiten Fahrzeuge entdeckt, <a href=\"https:\/\/www.morgenpost.de\/bezirke\/charlottenburg-wilmersdorf\/article226211993\/Kudamm-Klima-Aktivisten-protestieren-gegen-SUVs.html\" rel=\"noopener noreferrer\" title=\"Artikel der 'Morgenpost'\" target=\"_blank\">was aber dort nicht jedem gef\u00e4llt<\/a>. <\/p>\n<p>.<\/p>\n","protected":false},"excerpt":{"rendered":"<p>Nomen est Omen &#8211; Auf unsere sch\u00f6ne Stadt Taunusstein bezogen bewahrheitet sich diese lateinische Redensart nicht zuletzt auf unseren Stra\u00dfen. Taunusstein, mit seinen gebirgigen, schlecht zug\u00e4nglichen und kaum ausgebauten und wenig befestigten Stra\u00dfen im unwirtlichen Teil des Mittelgebirges Taunus, der Teil des Rheinischen Schiefergebirges ist und laut Wikipedia zu den&#8230;<\/p>\n<p> <a class=\"continue-reading-link\" href=\"https:\/\/annaland.de\/annablog\/taunusstein-stadt-in-den-bergen\/\"><span>Continue reading<\/span><i class=\"crycon-right-dir\"><\/i><\/a> <\/p>\n","protected":false},"author":1,"featured_media":0,"comment_status":"open","ping_status":"open","sticky":false,"template":"","format":"standard","meta":{"jetpack_post_was_ever_published":false,"_jetpack_newsletter_access":"","_jetpack_dont_email_post_to_subs":false,"_jetpack_newsletter_tier_id":0,"_jetpack_memberships_contains_paywalled_content":false,"_jetpack_memberships_contains_paid_content":false,"footnotes":"","jetpack_publicize_message":"","jetpack_publicize_feature_enabled":true,"jetpack_social_post_already_shared":true,"jetpack_social_options":{"image_generator_settings":{"template":"highway","default_image_id":0,"enabled":false},"version":2}},"categories":[1,3],"tags":[24],"class_list":["post-512","post","type-post","status-publish","format-standard","hentry","category-allgemein","category-offentlicher-nahverkehr","tag-satire"],"jetpack_publicize_connections":[],"jetpack_featured_media_url":"","jetpack_sharing_enabled":true,"jetpack_shortlink":"https:\/\/wp.me\/p9sfPX-8g","_links":{"self":[{"href":"https:\/\/annaland.de\/annablog\/wp-json\/wp\/v2\/posts\/512","targetHints":{"allow":["GET"]}}],"collection":[{"href":"https:\/\/annaland.de\/annablog\/wp-json\/wp\/v2\/posts"}],"about":[{"href":"https:\/\/annaland.de\/annablog\/wp-json\/wp\/v2\/types\/post"}],"author":[{"embeddable":true,"href":"https:\/\/annaland.de\/annablog\/wp-json\/wp\/v2\/users\/1"}],"replies":[{"embeddable":true,"href":"https:\/\/annaland.de\/annablog\/wp-json\/wp\/v2\/comments?post=512"}],"version-history":[{"count":19,"href":"https:\/\/annaland.de\/annablog\/wp-json\/wp\/v2\/posts\/512\/revisions"}],"predecessor-version":[{"id":532,"href":"https:\/\/annaland.de\/annablog\/wp-json\/wp\/v2\/posts\/512\/revisions\/532"}],"wp:attachment":[{"href":"https:\/\/annaland.de\/annablog\/wp-json\/wp\/v2\/media?parent=512"}],"wp:term":[{"taxonomy":"category","embeddable":true,"href":"https:\/\/annaland.de\/annablog\/wp-json\/wp\/v2\/categories?post=512"},{"taxonomy":"post_tag","embeddable":true,"href":"https:\/\/annaland.de\/annablog\/wp-json\/wp\/v2\/tags?post=512"}],"curies":[{"name":"wp","href":"https:\/\/api.w.org\/{rel}","templated":true}]}}