{"id":482,"date":"2019-06-18T12:32:18","date_gmt":"2019-06-18T10:32:18","guid":{"rendered":"http:\/\/annaland.de\/annablog\/?p=482"},"modified":"2019-12-21T18:02:29","modified_gmt":"2019-12-21T17:02:29","slug":"waldstrasse-ohne-kunstinstallation","status":"publish","type":"post","link":"https:\/\/annaland.de\/annablog\/waldstrasse-ohne-kunstinstallation\/","title":{"rendered":"Waldstra\u00dfe ohne Kunstinstallation"},"content":{"rendered":"<p>Die Waldstra\u00dfe in Wehen pr\u00e4sentiert sich seit Montagvormittag wieder ohne Glasinstallation. Im Gegensatz zur Installation \u201eSperr\u201c am Faulbrunnenplatz in Wiesbaden zur Biennale 2016, hier wurde anf\u00e4nglich irrt\u00fcmlich von abgestelltem Sperrm\u00fcll ausgegangen, haben sich die Glasberge auf und neben den Altglascontainern in der Waldstra\u00dfe nun doch nicht als zus\u00e4tzliches Kunstangebot anl\u00e4sslich des <a href=\"https:\/\/www.taunusstein.de\/portal\/meldungen\/kultursommer-startet-in-einer-woche-900000590-29880.html?bereich=1&#038;rubrik=900000005\" rel=\"noopener noreferrer\" title=\"Programm zum Taunussteiner Kultursommer\" target=\"_blank\">Taunussteiner Kultursommers<\/a> herausgestellt. Ein defektes Sammelfahrzeug des Entsorgungsunternehmens REMONDIS f\u00fchrte zu Engp\u00e4ssen.<\/p>\n<p>Mitarbeiter der Firma haben aber alle Hebel in Bewegung gesetzt und trotz ohnehin begrenzter Arbeitszeiten aufgrund des Feiertages in dieser Woche den Sammelplatz in der Waldstra\u00dfe wieder &#8222;stadtfein&#8220; gemacht.<\/p>\n<p>Am morgigen Mittwoch findet gleich um die Ecke in der Platter Stra\u00dfe der &#8222;Weher Markt&#8220; statt und G\u00e4ste aus Nah und Fern werden wie in jedem Jahr erwartet. Nicht nur aus Sicherheitsgr\u00fcnden, sondern auch um den sch\u00f6nen Stadtteil Wehen in bestem Licht pr\u00e4sentieren zu k\u00f6nnen, wurde der Containerplatz aufger\u00e4umt und auch gleich mit Aufklebern versehen, die die Einwurfzeiten beschreiben. <\/p>\n<p>Denn leider sind die Beh\u00e4lter alt und nicht mit D\u00e4mmmaterialien ausgestattet und manch pflichtbewusster M\u00fclltrenner hat sich nicht vor dem Einwerfen \u00fcber die Einwurfzeiten auf der <a href=\"https:\/\/www.umweltbundesamt.de\/themen\/verkehr-laerm\/nachbarschaftslaerm-laerm-von-anlagen\/altglassammelbehaelter\" rel=\"noopener noreferrer\" titel=\"Informationen zum L\u00e4rmschutz bei Altglascontainern\" target=\"_blank\">Internetseite des Umweltbundesamtes<\/a> informiert, wie die sonnt\u00e4glich l\u00e4rmgeplagten Anwohner berichten k\u00f6nnen. <\/p>\n<p>Glas einwerfen au\u00dferhalb der erlaubten Zeiten kann nach \u00a7 117 <abbr title=\"Gesetz \u00fcber Ordnungswidrigkeiten\">OWiG<\/abbr> eine <a href=\"https:\/\/www.gesetze-im-internet.de\/owig_1968\/__117.html\" rel=\"noopener noreferrer\" title=\"\u00a7 117 Unzul\u00e4ssiger L\u00e4rm\" target=\"_blank\">Ordnungswidrigkeit<\/a> darstellen. Aber &#8211; rein theoretisch &#8211; kann man auch \u00fcberlegen, dass Anwohner nicht durch zersplitternde Flaschen, die in die Blechcontainer rumpeln, aus dem Mittagsschlaf auf Balkon oder Garten gerissen werden m\u00f6chten.<\/p>\n<p>Nicht gekl\u00e4rt ist bislang, wieso die alten, l\u00e4rmged\u00e4mmten Altclascontainer vom Sammelplatz an der Waldstra\u00dfe verschwunden sind. Hat es hier in Vergangenheit einen Betreiberwechsel gegeben? Haben andere Stellplatzanwohner eine gr\u00f6\u00dfere Zahl von Eingaben bei der Stadt Taunusstein eingereicht, sodass sie in der Priorit\u00e4t aufgestiegen sind, die neuen Glasconainer erhalten haben und f\u00fcr die Waldstra\u00dfe in Wehen dann nur noch die alten Blechkisten \u00fcbrig blieben?<\/p>\n<p>Wie man auf einem der Bilder deutlich sehen kann, wurden die vielen Flaschen, die auf und neben den Sammelbeh\u00e4ltern standen, nicht etwa mitgenommen, sondern direkt in die geleerten Container geworfen. Man kann sich denken, dass diese noch vor der n\u00e4chsten turnusm\u00e4\u00dfigen Leerung wieder voll sein k\u00f6nnten. Allerdings hat die Betreiberfirma REMONDIS zugesagt, dass diese Praxis k\u00fcnftig nicht mehr vorkomme.<\/p>\n\n\t\t<style type=\"text\/css\">\n\t\t\t#gallery-1 {\n\t\t\t\tmargin: auto;\n\t\t\t}\n\t\t\t#gallery-1 .gallery-item {\n\t\t\t\tfloat: left;\n\t\t\t\tmargin-top: 10px;\n\t\t\t\ttext-align: center;\n\t\t\t\twidth: 33%;\n\t\t\t}\n\t\t\t#gallery-1 img {\n\t\t\t\tborder: 2px solid #cfcfcf;\n\t\t\t}\n\t\t\t#gallery-1 .gallery-caption {\n\t\t\t\tmargin-left: 0;\n\t\t\t}\n\t\t\t\/* see gallery_shortcode() in wp-includes\/media.php *\/\n\t\t<\/style>\n\t\t<div id='gallery-1' class='gallery galleryid-482 gallery-columns-3 gallery-size-thumbnail'><dl class='gallery-item'>\n\t\t\t<dt class='gallery-icon landscape'>\n\t\t\t\t<a href='https:\/\/annaland.de\/annablog\/waldstrasse-ohne-kunstinstallation\/attachment\/15608474518630\/'><img loading=\"lazy\" decoding=\"async\" width=\"150\" height=\"150\" src=\"https:\/\/annaland.de\/annablog\/wp-content\/uploads\/2019\/06\/15608474518630-150x150.jpg\" class=\"attachment-thumbnail size-thumbnail\" alt=\"Aufger\u00e4umter Altglascontainer-Sammelplatz\" aria-describedby=\"gallery-1-486\" \/><\/a>\n\t\t\t<\/dt>\n\t\t\t\t<dd class='wp-caption-text gallery-caption' id='gallery-1-486'>\n\t\t\t\tAufger\u00e4umter Altglascontainer-Sammelplatz\n\t\t\t\t<\/dd><\/dl><dl class='gallery-item'>\n\t\t\t<dt class='gallery-icon landscape'>\n\t\t\t\t<a href='https:\/\/annaland.de\/annablog\/waldstrasse-ohne-kunstinstallation\/attachment\/15608475521161\/'><img loading=\"lazy\" decoding=\"async\" width=\"150\" height=\"150\" src=\"https:\/\/annaland.de\/annablog\/wp-content\/uploads\/2019\/06\/15608475521161-150x150.jpg\" class=\"attachment-thumbnail size-thumbnail\" alt=\"Aufkleber auf Altglascontainer mit den Einwurfzeiten\" aria-describedby=\"gallery-1-487\" \/><\/a>\n\t\t\t<\/dt>\n\t\t\t\t<dd class='wp-caption-text gallery-caption' id='gallery-1-487'>\n\t\t\t\tEinwurfzeiten\n\t\t\t\t<\/dd><\/dl><dl class='gallery-item'>\n\t\t\t<dt class='gallery-icon landscape'>\n\t\t\t\t<a href='https:\/\/annaland.de\/annablog\/15608534864800\/'><img loading=\"lazy\" decoding=\"async\" width=\"150\" height=\"150\" src=\"https:\/\/annaland.de\/annablog\/wp-content\/uploads\/2019\/06\/15608534864800-150x150.jpg\" class=\"attachment-thumbnail size-thumbnail\" alt=\"Glascontainer mit offenem Spalt, durch den Flaschen zu sehen sind\" aria-describedby=\"gallery-1-490\" \/><\/a>\n\t\t\t<\/dt>\n\t\t\t\t<dd class='wp-caption-text gallery-caption' id='gallery-1-490'>\n\t\t\t\tContainer bereits wieder zu einem Drittel gef\u00fcllt\n\t\t\t\t<\/dd><\/dl><br style=\"clear: both\" \/>\n\t\t<\/div>\n\n","protected":false},"excerpt":{"rendered":"<p>Die Waldstra\u00dfe in Wehen pr\u00e4sentiert sich seit Montagvormittag wieder ohne Glasinstallation. Im Gegensatz zur Installation \u201eSperr\u201c am Faulbrunnenplatz in Wiesbaden zur Biennale 2016, hier wurde anf\u00e4nglich irrt\u00fcmlich von abgestelltem Sperrm\u00fcll ausgegangen, haben sich die Glasberge auf und neben den Altglascontainern in der Waldstra\u00dfe nun doch nicht als zus\u00e4tzliches Kunstangebot anl\u00e4sslich&#8230;<\/p>\n<p> <a class=\"continue-reading-link\" href=\"https:\/\/annaland.de\/annablog\/waldstrasse-ohne-kunstinstallation\/\"><span>Continue reading<\/span><i class=\"crycon-right-dir\"><\/i><\/a> <\/p>\n","protected":false},"author":1,"featured_media":486,"comment_status":"open","ping_status":"open","sticky":false,"template":"","format":"standard","meta":{"jetpack_post_was_ever_published":false,"_jetpack_newsletter_access":"","_jetpack_dont_email_post_to_subs":false,"_jetpack_newsletter_tier_id":0,"_jetpack_memberships_contains_paywalled_content":false,"_jetpack_memberships_contains_paid_content":false,"footnotes":"","jetpack_publicize_message":"","jetpack_publicize_feature_enabled":true,"jetpack_social_post_already_shared":true,"jetpack_social_options":{"image_generator_settings":{"template":"highway","default_image_id":0,"enabled":false},"version":2}},"categories":[1,8],"tags":[],"class_list":["post-482","post","type-post","status-publish","format-standard","has-post-thumbnail","hentry","category-allgemein","category-klatsch-und-tratsch"],"jetpack_publicize_connections":[],"jetpack_featured_media_url":"https:\/\/annaland.de\/annablog\/wp-content\/uploads\/2019\/06\/15608474518630.jpg","jetpack_sharing_enabled":true,"jetpack_shortlink":"https:\/\/wp.me\/p9sfPX-7M","_links":{"self":[{"href":"https:\/\/annaland.de\/annablog\/wp-json\/wp\/v2\/posts\/482","targetHints":{"allow":["GET"]}}],"collection":[{"href":"https:\/\/annaland.de\/annablog\/wp-json\/wp\/v2\/posts"}],"about":[{"href":"https:\/\/annaland.de\/annablog\/wp-json\/wp\/v2\/types\/post"}],"author":[{"embeddable":true,"href":"https:\/\/annaland.de\/annablog\/wp-json\/wp\/v2\/users\/1"}],"replies":[{"embeddable":true,"href":"https:\/\/annaland.de\/annablog\/wp-json\/wp\/v2\/comments?post=482"}],"version-history":[{"count":3,"href":"https:\/\/annaland.de\/annablog\/wp-json\/wp\/v2\/posts\/482\/revisions"}],"predecessor-version":[{"id":492,"href":"https:\/\/annaland.de\/annablog\/wp-json\/wp\/v2\/posts\/482\/revisions\/492"}],"wp:featuredmedia":[{"embeddable":true,"href":"https:\/\/annaland.de\/annablog\/wp-json\/wp\/v2\/media\/486"}],"wp:attachment":[{"href":"https:\/\/annaland.de\/annablog\/wp-json\/wp\/v2\/media?parent=482"}],"wp:term":[{"taxonomy":"category","embeddable":true,"href":"https:\/\/annaland.de\/annablog\/wp-json\/wp\/v2\/categories?post=482"},{"taxonomy":"post_tag","embeddable":true,"href":"https:\/\/annaland.de\/annablog\/wp-json\/wp\/v2\/tags?post=482"}],"curies":[{"name":"wp","href":"https:\/\/api.w.org\/{rel}","templated":true}]}}