{"id":465,"date":"2019-06-15T18:31:11","date_gmt":"2019-06-15T16:31:11","guid":{"rendered":"http:\/\/annaland.de\/annablog\/?p=465"},"modified":"2019-12-21T18:00:17","modified_gmt":"2019-12-21T17:00:17","slug":"glasinstallation-zum-taunussteiner-kultursommer","status":"publish","type":"post","link":"https:\/\/annaland.de\/annablog\/glasinstallation-zum-taunussteiner-kultursommer\/","title":{"rendered":"Glasinstallation zum Taunussteiner Kultursommer"},"content":{"rendered":"<p>Lange wurde vorbereitet, am Freitag hat er begonnen, der Taunussteiner Kultursommer. Das Programm ist umfang- und abwechslungsreich und auch <a href=\"https:\/\/www.taunusstein.de\/portal\/meldungen\/kultursommer-startet-in-einer-woche-900000590-29880.html?bereich=1&#038;rubrik=900000005\" rel=\"noopener noreferrer\" title=\"Programm des Taunussteiner Kultursommers\" target=\"_blank\">online<\/a> verf\u00fcgbar.<\/p>\n<div id=\"attachment_473\" style=\"width: 310px\" class=\"wp-caption aligncenter\"><a href=\"http:\/\/annaland.de\/annablog\/wp-content\/uploads\/2019\/06\/neu15606148922912.jpg\"><img loading=\"lazy\" decoding=\"async\" aria-describedby=\"caption-attachment-473\" src=\"http:\/\/annaland.de\/annablog\/wp-content\/uploads\/2019\/06\/neu15606148922912-300x225.jpg\" alt=\"Glasflaschen um und auf Altglascontainern\" width=\"300\" height=\"225\" class=\"size-medium wp-image-473\" srcset=\"https:\/\/annaland.de\/annablog\/wp-content\/uploads\/2019\/06\/neu15606148922912-300x225.jpg 300w, https:\/\/annaland.de\/annablog\/wp-content\/uploads\/2019\/06\/neu15606148922912-768x576.jpg 768w, https:\/\/annaland.de\/annablog\/wp-content\/uploads\/2019\/06\/neu15606148922912-1024x768.jpg 1024w, https:\/\/annaland.de\/annablog\/wp-content\/uploads\/2019\/06\/neu15606148922912-150x113.jpg 150w, https:\/\/annaland.de\/annablog\/wp-content\/uploads\/2019\/06\/neu15606148922912-400x300.jpg 400w, https:\/\/annaland.de\/annablog\/wp-content\/uploads\/2019\/06\/neu15606148922912.jpg 1600w\" sizes=\"auto, (max-width: 300px) 100vw, 300px\" \/><\/a><p id=\"caption-attachment-473\" class=\"wp-caption-text\">Glasinstallation zum Taunussteiner Kultursommer<\/p><\/div>\n<p>Vergeblich sucht der Taunussteiner B\u00fcrger im Kultursommer-Programm Informationen zur Installation in der Waldstra\u00dfe in Wehen. Hier ist es in wochenlanger Vorbereitung gelungen, um und auf den dort abgestellten Altglascontainern ein augenf\u00e4lliges Projekt zu inszenieren.<\/p>\n<p>Kulturinteressierten und Kulturschaffenden kommt nat\u00fcrlich augenblicklich die Installation &#8222;Sperr&#8220; am Faulbrunnenplatz in der hessischen Landeshauptstadt anl\u00e4sslich der Wiesbaden Biennale 2016 in den Sinn. Zahlreiche B\u00fcrger hatten diese Installation f\u00fcr Sperrm\u00fcll gehalten und manch einer versuchte, eigene Altgegenst\u00e4nde erfreut f\u00fcr eine Entsorgung dazu zustellen. Die Aufregung auch bei der Ordnungspolizei war gro\u00df, selbst der Stadtbusverkehr war beeintr\u00e4chtigt.<\/p>\n<p>Anwohner der Waldstra\u00dfe in Taunusstein sowie B\u00fcrger, die ihr Altglas hier entsorgen wollen, wundern sich seit Wochen, warum der Platz nicht umz\u00e4unt oder wenigstens bewacht wird. Dabei haben die Taunussteiner nicht so sehr eine eventuelle Zerst\u00f6rung der Kunstinstallation im Blick, sondern die gegebene Verletzungsgefahr durch Glasscherben f\u00fcr Kinder und Hundepfoten, aber auch geplatzte Autoreifen. Ohne den Flaschenaufbau zu ver\u00e4ndern, haben umsichtige und besorgte Anwohner daher von Zeit zu Zeit zu Besen und Kehrblech gegriffen. <\/p>\n<p>Auf den Glascontainern ist gro\u00dffl\u00e4chig Werbung der Entsorgungsfirma Remondis angebracht. Selbst eine kostenfreie Telefonnummer ist zu sehen. Allerdings fehlt ein Hinweisschild, wann die Glascontainer benutzt werden d\u00fcrfen. Hier waren in Vergangenheit Einwurfzeiten angebracht sowie ein Entsorgungsverbot an Sonn- und Feiertagen zu lesen, wie auch vom <a href=\"https:\/\/www.umweltbundesamt.de\/themen\/verkehr-laerm\/nachbarschaftslaerm-laerm-von-anlagen\/altglassammelbehaelter\" rel=\"noopener noreferrer\" title=\"Hinweise f\u00fcr Altglascontainer\" target=\"_blank\">Umweltbundesamt<\/a> beschrieben. Mit Sicherheit kann Remondis f\u00fcr diese Glasansammlung aber nicht verantwortlich sein, da eine Entsorgung sonst l\u00e4ngst stattgefunden h\u00e4tte. Auf der <a href=\"https:\/\/www.remondis.de\/startseite\/\" rel=\"noopener noreferrer\" title=\"Internetseite der Firma REMONDIS\" target=\"_blank\">Webseite der Firma<\/a> hei\u00dft es, dass das Unternehmen f\u00fcr Dienstleistung auf h\u00f6chstem Niveau im Auftrag der Zukunft steht.<\/p>\n","protected":false},"excerpt":{"rendered":"<p>Lange wurde vorbereitet, am Freitag hat er begonnen, der Taunussteiner Kultursommer. Das Programm ist umfang- und abwechslungsreich und auch online verf\u00fcgbar. Vergeblich sucht der Taunussteiner B\u00fcrger im Kultursommer-Programm Informationen zur Installation in der Waldstra\u00dfe in Wehen. Hier ist es in wochenlanger Vorbereitung gelungen, um und auf den dort abgestellten Altglascontainern&#8230;<\/p>\n<p> <a class=\"continue-reading-link\" href=\"https:\/\/annaland.de\/annablog\/glasinstallation-zum-taunussteiner-kultursommer\/\"><span>Continue reading<\/span><i class=\"crycon-right-dir\"><\/i><\/a> <\/p>\n","protected":false},"author":1,"featured_media":473,"comment_status":"open","ping_status":"open","sticky":false,"template":"","format":"standard","meta":{"jetpack_post_was_ever_published":false,"_jetpack_newsletter_access":"","_jetpack_dont_email_post_to_subs":false,"_jetpack_newsletter_tier_id":0,"_jetpack_memberships_contains_paywalled_content":false,"_jetpack_memberships_contains_paid_content":false,"footnotes":"","jetpack_publicize_message":"","jetpack_publicize_feature_enabled":true,"jetpack_social_post_already_shared":true,"jetpack_social_options":{"image_generator_settings":{"template":"highway","default_image_id":0,"enabled":false},"version":2}},"categories":[5,8],"tags":[],"class_list":["post-465","post","type-post","status-publish","format-standard","has-post-thumbnail","hentry","category-events","category-klatsch-und-tratsch"],"jetpack_publicize_connections":[],"jetpack_featured_media_url":"https:\/\/annaland.de\/annablog\/wp-content\/uploads\/2019\/06\/neu15606148922912.jpg","jetpack_sharing_enabled":true,"jetpack_shortlink":"https:\/\/wp.me\/p9sfPX-7v","_links":{"self":[{"href":"https:\/\/annaland.de\/annablog\/wp-json\/wp\/v2\/posts\/465","targetHints":{"allow":["GET"]}}],"collection":[{"href":"https:\/\/annaland.de\/annablog\/wp-json\/wp\/v2\/posts"}],"about":[{"href":"https:\/\/annaland.de\/annablog\/wp-json\/wp\/v2\/types\/post"}],"author":[{"embeddable":true,"href":"https:\/\/annaland.de\/annablog\/wp-json\/wp\/v2\/users\/1"}],"replies":[{"embeddable":true,"href":"https:\/\/annaland.de\/annablog\/wp-json\/wp\/v2\/comments?post=465"}],"version-history":[{"count":12,"href":"https:\/\/annaland.de\/annablog\/wp-json\/wp\/v2\/posts\/465\/revisions"}],"predecessor-version":[{"id":511,"href":"https:\/\/annaland.de\/annablog\/wp-json\/wp\/v2\/posts\/465\/revisions\/511"}],"wp:featuredmedia":[{"embeddable":true,"href":"https:\/\/annaland.de\/annablog\/wp-json\/wp\/v2\/media\/473"}],"wp:attachment":[{"href":"https:\/\/annaland.de\/annablog\/wp-json\/wp\/v2\/media?parent=465"}],"wp:term":[{"taxonomy":"category","embeddable":true,"href":"https:\/\/annaland.de\/annablog\/wp-json\/wp\/v2\/categories?post=465"},{"taxonomy":"post_tag","embeddable":true,"href":"https:\/\/annaland.de\/annablog\/wp-json\/wp\/v2\/tags?post=465"}],"curies":[{"name":"wp","href":"https:\/\/api.w.org\/{rel}","templated":true}]}}