{"id":453,"date":"2019-05-23T16:23:59","date_gmt":"2019-05-23T14:23:59","guid":{"rendered":"http:\/\/annaland.de\/annablog\/?p=453"},"modified":"2019-05-23T16:33:03","modified_gmt":"2019-05-23T14:33:03","slug":"taunussteiner-stadtverordneten-nicht-zustaendig-fuer-ican-staedteappell","status":"publish","type":"post","link":"https:\/\/annaland.de\/annablog\/taunussteiner-stadtverordneten-nicht-zustaendig-fuer-ican-staedteappell\/","title":{"rendered":"Taunussteiner Stadtverordneten nicht zust\u00e4ndig f\u00fcr ICAN-St\u00e4dteappell"},"content":{"rendered":"<p>Es gibt erfreuliche und weniger erfreuliche Nachrichten aus dem sch\u00f6nen Taunusstein. Und es gibt Nachrichten, die rufen geradezu nach einer n\u00e4heren Betrachtung. So schreibt der Ortsverband Taunusstein von B\u00fcndnis 90 \/ Die Gr\u00fcnen in der <a href=\"https:\/\/www.gruene-taunusstein.de\/aktuelles\/expand\/707985\/nc\/1\/dn\/1\/\" title=\"ICAN St\u00e4dteappell - Taunusstein erkl\u00e4rt sich angesichts der atomaren Bedrohung f\u00fcr 'nichtzust\u00e4ndig'\" rel=\"noopener noreferrer\" target=\"_blank\" rel=\"noopener noreferrer\">Pressemitteilung<\/a> vom 07.04.2019 \u00fcber die letzte Stadtverordnetenversammlung:<\/p>\n<blockquote><p>Angesichts der wieder zunehmenden atomaren Bedrohung erkl\u00e4rt sich die CDU\/FWG-Mehrheit der Taunussteiner Stadtverordnetenversammlung mit Verweis auf die hessische Gemeindeordnung f\u00fcr \u201eunzust\u00e4ndig\u201c und betrachte die Existenz solcher Waffen als legitimes Mittel der internationalen Auseinandersetzung.<\/p>\n<p>Ein Resolutionsantrag der Gr\u00fcnen zum Beitritt der Stadt Taunusstein zum internationalen St\u00e4dteappell f\u00fcr die Abschaffung von Atomwaffen wurde abgelehnt. <\/p><\/blockquote>\n<p>Nun &#8211; nicht zust\u00e4ndig zu sein, ist ja grunds\u00e4tzlich nichts Schlimmes. Man findet den tats\u00e4chlich Zust\u00e4ndigen heraus und stellt den Antrag erneut, denke ich mal. <\/p>\n<p>In der hessischen Landeshauptstadt Wiesbaden hat der <a href=\"https:\/\/www.wiesbaden.de\/medien\/rathausnachrichten\/PM_Zielseite.php?showpm=true&#038;pmurl=http:\/\/www.wiesbaden.de\/guiapplications\/newsdesk\/publications\/Landeshauptstadt_Wiesbaden\/141010100000350061.php\" title=\"Pressemitteilung - Wiesbaden unterst\u00fctzt ICAN-St\u00e4dteappell\" rel=\"noopener noreferrer\"  target=\"_blank\">Magistrat<\/a> in seiner Sitzung am 19.02.2019 dem #ICANSave meine Stadt-Appell zugestimmt. Also ist eventuell hier ebenfalls der Magistrat zust\u00e4ndig und wird Taunusstein alsbald f\u00fcr die <a href=\"https:\/\/www.icanw.de\/ican-staedteappell\/\" title=\"ICAN-St\u00e4dteappell\" rel=\"noopener noreferrer\" target=\"_blank\">St\u00e4dteliste<\/a> der Internationalen Kampagne zur Abschaffung von Atomwaffen ICAN, die 2017 den Friedensnobelpreis erhalten hat, melden.<\/p>\n<p>Der Appell im Wortlauf (nachzulesen auf der <a href=\"https:\/\/www.icanw.de\/ican-staedteappell\/\" title=\"ICAN-St\u00e4dteappell\" rel=\"noopener noreferrer\" target=\"_blank\">ICAN-Webseite<\/a>)<\/p>\n<blockquote><p>Unsere Stadt\/unsere Gemeinde ist zutiefst besorgt \u00fcber die immense Bedrohung, die Atomwaffen f\u00fcr St\u00e4dte und Gemeinden auf der ganzen Welt darstellt. Wir sind fest \u00fcberzeugt, dass unsere Einwohner und Einwohnerinnen das Recht auf ein Leben frei von dieser Bedrohung haben. Jeder Einsatz von Atomwaffen, ob vors\u00e4tzlich oder versehentlich, w\u00fcrde katastrophale, weitreichende und lang anhaltende Folgen f\u00fcr Mensch und Umwelt nach sich ziehen. Daher begr\u00fc\u00dfen wir den von den Vereinten Nationen verabschiedeten Vertrag zum Verbot von Atomwaffen 2017 und fordern die Bundesregierung zu deren Beitritt auf.<\/p><\/blockquote>\n<p>Im Falle eines atomaren Angriffs sind gro\u00dfe St\u00e4dte Prim\u00e4rziele, schreibt ICAN. Ja zugegeben, Taunusstein geh\u00f6rt nicht zu den gr\u00f6\u00dften St\u00e4dten der Bundesrepublik. Aber wir sind in absoluter Schlagdistanz zur hessischen Landeshauptstadt, die durchaus ein Ziel sein k\u00f6nnte. Sollte aber Frankfurt auf der Zielliste stehen, sind die <a href=\"https:\/\/www.icanw.de\/fakten\/auswirkungen\/druckwelle-hitze-strahlung\/\" title=\"Auswirkungen einer 100-kT-Atombombe\" rel=\"noopener noreferrer\" target=\"_blank\">Folgen<\/a> f\u00fcr die Taunussteiner B\u00fcrger bei Explosion einer 100.000 Tonnen Atombombe auch noch gravierend:<\/p>\n<blockquote>\n<ul>\n<li>10-km-Radius: Die H\u00e4lfte der betroffenen Menschen erliegt ihren Verletzungen und Verbrennungen. Viele sterben bald nach der Explosion aufgrund von Br\u00e4nden und an der Strahlenkrankheit.<\/li>\n<li>80-km-Radius: Radioaktiver Niederschlag verbreitet sich. Im Laufe der Zeit sterben Tausende Menschen an der Strahlenkrankkeit und an Krebs.<\/li>\n<\/ul>\n<\/blockquote>\n<p>\u00dcbrigens findet die n\u00e4chste \u00f6ffentliche Sitzung der Stadtverordnetenversammlung Taunusstein am <strong>Donnerstag, 27.06.2019, um 19:00 Uhr im B\u00fcrgerhaus TAUNUS, Stadtteil Hahn, im Herblay-Saal<\/strong> statt. Die Stadtverordneten helfen sicher gern mit Informationen \u00fcber die richtigen Ansprechpartner, damit auch unsere Stadt Taunusstein sich ganz offiziell dem internationalen St\u00e4dteappell f\u00fcr die Abschaffung von Atomwaffen anschlie\u00dft.<\/p>\n","protected":false},"excerpt":{"rendered":"<p>Es gibt erfreuliche und weniger erfreuliche Nachrichten aus dem sch\u00f6nen Taunusstein. Und es gibt Nachrichten, die rufen geradezu nach einer n\u00e4heren Betrachtung. So schreibt der Ortsverband Taunusstein von B\u00fcndnis 90 \/ Die Gr\u00fcnen in der Pressemitteilung vom 07.04.2019 \u00fcber die letzte Stadtverordnetenversammlung: Angesichts der wieder zunehmenden atomaren Bedrohung erkl\u00e4rt sich&#8230;<\/p>\n<p> <a class=\"continue-reading-link\" href=\"https:\/\/annaland.de\/annablog\/taunussteiner-stadtverordneten-nicht-zustaendig-fuer-ican-staedteappell\/\"><span>Continue reading<\/span><i class=\"crycon-right-dir\"><\/i><\/a> <\/p>\n","protected":false},"author":1,"featured_media":0,"comment_status":"open","ping_status":"open","sticky":false,"template":"","format":"standard","meta":{"jetpack_post_was_ever_published":false,"_jetpack_newsletter_access":"","_jetpack_dont_email_post_to_subs":false,"_jetpack_newsletter_tier_id":0,"_jetpack_memberships_contains_paywalled_content":false,"_jetpack_memberships_contains_paid_content":false,"footnotes":"","jetpack_publicize_message":"","jetpack_publicize_feature_enabled":true,"jetpack_social_post_already_shared":true,"jetpack_social_options":{"image_generator_settings":{"template":"highway","default_image_id":0,"enabled":false},"version":2}},"categories":[19,12],"tags":[],"class_list":["post-453","post","type-post","status-publish","format-standard","hentry","category-atomausstieg","category-stadtpolitik"],"jetpack_publicize_connections":[],"jetpack_featured_media_url":"","jetpack_sharing_enabled":true,"jetpack_shortlink":"https:\/\/wp.me\/p9sfPX-7j","_links":{"self":[{"href":"https:\/\/annaland.de\/annablog\/wp-json\/wp\/v2\/posts\/453","targetHints":{"allow":["GET"]}}],"collection":[{"href":"https:\/\/annaland.de\/annablog\/wp-json\/wp\/v2\/posts"}],"about":[{"href":"https:\/\/annaland.de\/annablog\/wp-json\/wp\/v2\/types\/post"}],"author":[{"embeddable":true,"href":"https:\/\/annaland.de\/annablog\/wp-json\/wp\/v2\/users\/1"}],"replies":[{"embeddable":true,"href":"https:\/\/annaland.de\/annablog\/wp-json\/wp\/v2\/comments?post=453"}],"version-history":[{"count":10,"href":"https:\/\/annaland.de\/annablog\/wp-json\/wp\/v2\/posts\/453\/revisions"}],"predecessor-version":[{"id":463,"href":"https:\/\/annaland.de\/annablog\/wp-json\/wp\/v2\/posts\/453\/revisions\/463"}],"wp:attachment":[{"href":"https:\/\/annaland.de\/annablog\/wp-json\/wp\/v2\/media?parent=453"}],"wp:term":[{"taxonomy":"category","embeddable":true,"href":"https:\/\/annaland.de\/annablog\/wp-json\/wp\/v2\/categories?post=453"},{"taxonomy":"post_tag","embeddable":true,"href":"https:\/\/annaland.de\/annablog\/wp-json\/wp\/v2\/tags?post=453"}],"curies":[{"name":"wp","href":"https:\/\/api.w.org\/{rel}","templated":true}]}}