{"id":1248,"date":"2022-07-15T13:30:27","date_gmt":"2022-07-15T11:30:27","guid":{"rendered":"https:\/\/annaland.de\/annablog\/?p=1248"},"modified":"2022-07-16T14:27:49","modified_gmt":"2022-07-16T12:27:49","slug":"james-webb-weltraumteleskop-esa-projektpartner","status":"publish","type":"post","link":"https:\/\/annaland.de\/annablog\/james-webb-weltraumteleskop-esa-projektpartner\/","title":{"rendered":"James-Webb-Weltraumteleskop &#8211; ESA Projektpartner"},"content":{"rendered":"<p>Am 11. Juli 2022 gab die <abbr title=\"National Aeronautics and Space Administration\"><span class=\"abbr\" title=\"National Aeronautics and Space Administration\">NASA<\/span><\/abbr> die ersten Farbaufnahmen des James Webb Weltraumteleskops f\u00fcr die \u00d6ffentlichkeit frei, das am 25. Dezember 2021 mit einer Ariane 5 Rakete vom Europ\u00e4ischen Raumflughafen in Franz\u00f6sisch-Guayana zu seiner Reise in den Weltraum aufbrach.<\/p>\n<blockquote title=\"Sterngucker, dies ist der Tag, an dem wir die ersten wissenschaftlichen Bilder vom James-Webb-Weltraumteleskop zur\u00fcckerhalten, und Sie haben einen Platz in der ersten Reihe des Kosmos.\"><p>Skywatchers this is the day we get the first science images back from the James Webb Space Telescope and you&#8217;ve got a front row seat to the cosmos.<\/p><\/blockquote>\n<p>So begann Astrophysikerin Dr. Michell Thaller vom NASA Goddard Space Flight Center (GSFC) am 12. Juli die Pr\u00e4sentation zur Vorstellung der langerwarteten ersten Bilder vom James Webb Space Telescope, einer internationalen Zusammenarbeit unter der F\u00fchrung der NASA und unserer European Space Agency (ESA) und der Canadian Space Agency (CSA) als Partner.<\/p>\n<span class=\"embed-youtube\" style=\"text-align:center; display: block;\"><iframe loading=\"lazy\" class=\"youtube-player\" width=\"900\" height=\"507\" src=\"https:\/\/www.youtube.com\/embed\/nmMRMIE3MGw?version=3&#038;rel=0&#038;showsearch=0&#038;showinfo=1&#038;iv_load_policy=1&#038;fs=1&#038;hl=de-DE&#038;autohide=2&#038;wmode=transparent\" allowfullscreen=\"true\" style=\"border:0;\" sandbox=\"allow-scripts allow-same-origin allow-popups allow-presentation allow-popups-to-escape-sandbox\"><\/iframe><\/span>\n<p><br style=\"clear:both\"><\/p>\n<p>NASA Administrator Bill Nelson bei der Vorstellung des ersten Bildes:<\/p>\n<blockquote><p>Dies ist nur das erste Bild. Die Bilder werden 13,5 Milliarden Jahre zur\u00fcckgehen. Und da wir wissen, dass das Universum 13,8 Milliarden Jahre alt ist, gehen wir fast zur\u00fcck bis zum Anfang.<br \/>\nMan wird sehen, ob Planeten bewohnbar sind. Das Teleskop kann die chemische Zusammensetzung der Atmosph\u00e4re bestimmen.<\/p><\/blockquote>\n<p>Die ersten Bilder erzeugten bei mir ein absolutes G\u00e4nsehautfeeling. Welch ein Privileg soweit in die Vergangenheit unseres Universums schauen zu k\u00f6nnen. Wir haben Wissenschaftler weltweit, die in jahrzehntelanger Forschungs- und Konstruktionsarbeit es erm\u00f6glicht haben, uns einen Blick weit hinein in die Entstehung der Sterne zu erm\u00f6glichen.<\/p>\n<div id=\"attachment_1255\" style=\"width: 310px\" class=\"wp-caption alignleft\"><img loading=\"lazy\" decoding=\"async\" aria-describedby=\"caption-attachment-1255\" src=\"https:\/\/annaland.de\/annablog\/wp-content\/uploads\/2022\/07\/carina_nebula_nasa_small-300x173.jpg\" alt=\"Cosmic Cliffs im Carina Nebula, aufgenommen vom James Webb Space Teleskope\" width=\"300\" height=\"173\" class=\"alignleft size-medium wp-image-1255\" srcset=\"https:\/\/annaland.de\/annablog\/wp-content\/uploads\/2022\/07\/carina_nebula_nasa_small-300x173.jpg 300w, https:\/\/annaland.de\/annablog\/wp-content\/uploads\/2022\/07\/carina_nebula_nasa_small-150x87.jpg 150w, https:\/\/annaland.de\/annablog\/wp-content\/uploads\/2022\/07\/carina_nebula_nasa_small.jpg 640w\" sizes=\"auto, (max-width: 300px) 100vw, 300px\" \/><p id=\"caption-attachment-1255\" class=\"wp-caption-text\">&#8222;Cosmic Cliffs&#8220; im Carinanebel<br \/>Credit: NASA<\/p><\/div>\n<p>Das Bild zeigt die &#8222;Cosmic Cliffs&#8220; im Carinanebel \u2013 einem Emissionsnebel, der etwa 8.000 Lichtjahre von der Erde entfernt ist. Das Bild zeigt zum ersten Mal bisher unsichtbare Bereiche der Sternentstehung. Die NASA ver\u00f6ffentlichte dieses Bild am 12. Juli 2022. <a href=\"https:\/\/www.nationalgeographic.de\/wissenschaft\/2022\/07\/neue-aera-der-weltraumforschung-james-webb-teleskop-liefert-erste-aufnahmen\" title=\"Bericht von National Geographic zu den ersten Bildern vom JWST\" target=\"_blank\" rel=\"noopener noreferrer\">National Geographic<\/a> bezeichnet es als die &#8222;optisch wohl spektakul\u00e4rste Aufnahme&#8220;.<\/p>\n<p>Das Webb-Teleskop ist derzeit das gr\u00f6\u00dfte und leistungsst\u00e4rkste Teleskop, das jemals ins All gestartet wurde. Als n\u00e4chstes gro\u00dfes Weltraumobservatorium tritt es in die Fu\u00dfstapfen des NASA\/ESA Hubble-Weltraumteleskops und soll Antworten auf die wichtigsten Fragen \u00fcber das Universum geben und bahnbrechende Entdeckungen in allen Bereichen der Astronomie erm\u00f6glichen. Die wichtigsten <a href=\"https:\/\/www.esa.int\/Newsroom\/Press_Releases\/Erste_Bilder_des_James-Webb-Teleskops_offenbaren_ein_bisher_verborgenes_Universum\" title=\"ESA Pressebericht\" target=\"_blank\" rel=\"noopener noreferrer\">Beitr\u00e4ge der ESA<\/a> zur Mission sind: das <a href=\"https:\/\/www.deutschlandfunk.de\/superteleskop-100.html\" title=\"Bericht Deutschlandfunk zu NIRSpec, einer Spezialkamera\" target=\"_blank\" rel=\"noopener noreferrer\">NIRSpec-Instrument<\/a>, die Montage der optischen Bank des <a href=\"https:\/\/www.dlr.de\/rd\/desktopdefault.aspx\/tabid-7864\/13381_read-34290\/\" title=\"Erkl\u00e4rung des Infrarotspektrometers der Deutschen Luft- und Raumfahrtagentur (DLR)\" target=\"_blank\" rel=\"noopener noreferrer\">MIRI-Instruments<\/a>, die Bereitstellung der Startdienste und das Personal zur Unterst\u00fctzung des Missionsbetriebs.<\/p>\n<p>Unsere ESA hat die allerersten wundersch\u00f6nen Bilder in einem <abbr title=\"Graphics Interchange Format\"><span class=\"abbr\" title=\"Graphics Interchange Format\">GIF<\/span><\/abbr> in einem Post auf ihrem <a href=\"https:\/\/twitter.com\/esa\/status\/1546878751769870337?s=20&#038;t=6c8QmRJ9KTKXoPl7IBRSow\" title=\"ESA auf Twitter\" target=\"_blank\" rel=\"noopener noreferrer\">Twitter-Account<\/a> zusammengestellt.<\/p>\n<p>Wer gerne mehr zu den spektakul\u00e4ren Aufnahmen wissen m\u00f6chte, kann die weiteren Links nutzen:<br \/>\n<a href=\"https:\/\/www.stsci.edu\/jwst\" title=\"Space Telescope Science Institute\" target=\"_blank\" rel=\"noopener noreferrer\">Space Telescope Science Institute<\/a><br \/>\n<a href=\"https:\/\/www.stsci.edu\/jwst\/science-execution\/approved-programs\/webb-first-image-observations\" title=\"Webb First Image Observations\" target=\"_blank\" rel=\"noopener noreferrer\">Webb First Image Observations<\/a><br \/>\n<a href=\"https:\/\/webbtelescope.org\/\" title=\"James Webb Space Telescope\" target=\"_blank\" rel=\"noopener noreferrer\">James Webb Space Telescope<\/a><br \/>\n<a href=\"https:\/\/webbtelescope.org\/resource-gallery\/images\" title=\"JWST Image Resources\" target=\"_blank\" rel=\"noopener noreferrer\">JWST Image Resources<\/a><br \/>\n<a href=\"https:\/\/www.nasa.gov\/webbfirstimages\" title=\"NASA First Images from the James Webb Space Telescope\" target=\"_blank\" rel=\"noopener noreferrer\">NASA First Images from the James Webb Space Telescope<\/a><\/p>\n<p>Und wer die <a href=\"https:\/\/www.whitehouse.gov\/briefing-room\/statements-releases\/2022\/07\/11\/remarks-by-president-biden-and-vice-president-harris-in-a-briefing-to-preview-the-first-images-from-the-james-webb-space-telescope\/\" title=\"Transkript der Pr\u00e4sentation\" target=\"_blank\" rel=\"noopener noreferrer\">Vorstellung<\/a> der Aufnahmen f\u00fcr US-Pr\u00e4sident Biden und Vizepr\u00e4sidentin Harrys verfolgt hat, erinnert sich an die Worte von NASA Administrator Nelson:<\/p>\n<blockquote title=\"Und wenn Sie sich etwas so Gro\u00dfes wie dieses ansehen, werden wir in der Lage sein, Fragen zu beantworten, von denen wir noch nicht einmal wissen, was die Fragen sind.\"><p>And when you look at something as big as this is, we are going to be able to answer questions that we don\u2019t even know what the questions are yet.<\/p><\/blockquote>\n<p>Und wir alle, die wir &#8222;Per Anhalter durch die Galaxis&#8220; des Autors Douglas Adams lieben, einen Klassiker der Science-Fiction-Literatur, der auch mehrfach verfilmt wurde, hatten sofort die <a href=\"https:\/\/de.wikipedia.org\/wiki\/42_(Antwort)\" title=\"Antwort 42 - Erkl\u00e4rung Wikipedia\" target=\"_blank\" rel=\"noopener noreferrer\">Antwort 42<\/a> parat. <\/p>\n","protected":false},"excerpt":{"rendered":"<p>Am 11. Juli 2022 gab die NASA die ersten Farbaufnahmen des James Webb Weltraumteleskops f\u00fcr die \u00d6ffentlichkeit frei, das am 25. Dezember 2021 mit einer Ariane 5 Rakete vom Europ\u00e4ischen Raumflughafen in Franz\u00f6sisch-Guayana zu seiner Reise in den Weltraum aufbrach. Skywatchers this is the day we get the first science&#8230;<\/p>\n<p> <a class=\"continue-reading-link\" href=\"https:\/\/annaland.de\/annablog\/james-webb-weltraumteleskop-esa-projektpartner\/\"><span>Continue reading<\/span><i class=\"crycon-right-dir\"><\/i><\/a> <\/p>\n","protected":false},"author":1,"featured_media":1255,"comment_status":"open","ping_status":"open","sticky":false,"template":"","format":"standard","meta":{"jetpack_post_was_ever_published":false,"_jetpack_newsletter_access":"","_jetpack_dont_email_post_to_subs":false,"_jetpack_newsletter_tier_id":0,"_jetpack_memberships_contains_paywalled_content":false,"_jetpack_memberships_contains_paid_content":false,"footnotes":"","jetpack_publicize_message":"","jetpack_publicize_feature_enabled":true,"jetpack_social_post_already_shared":true,"jetpack_social_options":{"image_generator_settings":{"template":"highway","default_image_id":0,"enabled":false},"version":2}},"categories":[5,25],"tags":[],"class_list":["post-1248","post","type-post","status-publish","format-standard","has-post-thumbnail","hentry","category-events","category-space"],"jetpack_publicize_connections":[],"jetpack_featured_media_url":"https:\/\/annaland.de\/annablog\/wp-content\/uploads\/2022\/07\/carina_nebula_nasa_small.jpg","jetpack_sharing_enabled":true,"jetpack_shortlink":"https:\/\/wp.me\/p9sfPX-k8","_links":{"self":[{"href":"https:\/\/annaland.de\/annablog\/wp-json\/wp\/v2\/posts\/1248","targetHints":{"allow":["GET"]}}],"collection":[{"href":"https:\/\/annaland.de\/annablog\/wp-json\/wp\/v2\/posts"}],"about":[{"href":"https:\/\/annaland.de\/annablog\/wp-json\/wp\/v2\/types\/post"}],"author":[{"embeddable":true,"href":"https:\/\/annaland.de\/annablog\/wp-json\/wp\/v2\/users\/1"}],"replies":[{"embeddable":true,"href":"https:\/\/annaland.de\/annablog\/wp-json\/wp\/v2\/comments?post=1248"}],"version-history":[{"count":25,"href":"https:\/\/annaland.de\/annablog\/wp-json\/wp\/v2\/posts\/1248\/revisions"}],"predecessor-version":[{"id":1300,"href":"https:\/\/annaland.de\/annablog\/wp-json\/wp\/v2\/posts\/1248\/revisions\/1300"}],"wp:featuredmedia":[{"embeddable":true,"href":"https:\/\/annaland.de\/annablog\/wp-json\/wp\/v2\/media\/1255"}],"wp:attachment":[{"href":"https:\/\/annaland.de\/annablog\/wp-json\/wp\/v2\/media?parent=1248"}],"wp:term":[{"taxonomy":"category","embeddable":true,"href":"https:\/\/annaland.de\/annablog\/wp-json\/wp\/v2\/categories?post=1248"},{"taxonomy":"post_tag","embeddable":true,"href":"https:\/\/annaland.de\/annablog\/wp-json\/wp\/v2\/tags?post=1248"}],"curies":[{"name":"wp","href":"https:\/\/api.w.org\/{rel}","templated":true}]}}