{"id":1232,"date":"2022-03-29T14:04:47","date_gmt":"2022-03-29T12:04:47","guid":{"rendered":"https:\/\/annaland.de\/annablog\/?p=1232"},"modified":"2022-03-29T14:10:43","modified_gmt":"2022-03-29T12:10:43","slug":"wochenende-im-weltraum","status":"publish","type":"post","link":"https:\/\/annaland.de\/annablog\/wochenende-im-weltraum\/","title":{"rendered":"Wochenende im Weltraum"},"content":{"rendered":"<p>Jederzeit zu einer Fahrt in den Weltraum aufbrechen zu wollen, das sp\u00fcrt man Prof. Ulrich Walter, der zu Gast im hr1 Talk am Sonntagmorgen bei Uwe Berndt war, bei jedem Satz ab. Seit 2003 ist der Physik-Professor Inhaber des <a href=\"https:\/\/www.professoren.tum.de\/walter-ulrich\/\" target=\"_blank\" rel=\"noopener noreferrer\" title=\"Technische Universit\u00e4t M\u00fcnchen\" class=\"extern\">Lehrstuhls f\u00fcr Raumfahrttechnik<\/a> an der Technischen Universit\u00e4t M\u00fcnchen. <\/p>\n<p>Prof. Walter ist einer von 12 Deutschen, die sich die Erde aus dem All anschauen durften. Zehn Tage lang kreiste der Wissenschaftler in der Raumf\u00e4hre Columbia im Jahr 1993 um unseren blauen Planeten. <\/p>\n<p>Im Podcast kommen Moderator Uwe Berndt und Prof. Walter dann auch zum Thema kommerzielle Raumfahrt. K\u00f6nnen sich bald die Superreichen leisten, einen kleinen Ausflug ins Weltall zu machen, will Berndt wissen? <\/p>\n<p>Der ehemalige Astronaut und Wissenschaftler hat hier eine ganz eigene Sicht und erz\u00e4hlt:<\/p>\n<div id=\"attachment_1237\" style=\"width: 310px\" class=\"wp-caption alignleft\"><img loading=\"lazy\" decoding=\"async\" aria-describedby=\"caption-attachment-1237\" src=\"https:\/\/annaland.de\/annablog\/wp-content\/uploads\/2022\/03\/iss1-300x200.jpg\" alt=\"\" width=\"300\" height=\"200\" class=\"alignleft size-medium wp-image-1237\" srcset=\"https:\/\/annaland.de\/annablog\/wp-content\/uploads\/2022\/03\/iss1-300x200.jpg 300w, https:\/\/annaland.de\/annablog\/wp-content\/uploads\/2022\/03\/iss1-768x512.jpg 768w, https:\/\/annaland.de\/annablog\/wp-content\/uploads\/2022\/03\/iss1-150x100.jpg 150w, https:\/\/annaland.de\/annablog\/wp-content\/uploads\/2022\/03\/iss1.jpg 1000w\" sizes=\"auto, (max-width: 300px) 100vw, 300px\" \/><p id=\"caption-attachment-1237\" class=\"wp-caption-text\">Internationale Raumstation<br \/>Credit: NASA<\/p><\/div>\n<p>Ja, die ersten Fl\u00fcge sind noch teuer.<\/p>\n<p>Wenn man sich heute einen Flug zur Raumstation kaufen will, kostet das ungef\u00e4hr 50 Millionen. Aber wenn das in ein paar Jahren, in 10 Jahren, um den Faktor 100 runter geht &#8211; und in dem Szenario sind wir jetzt mitten drin -, dann wird man sich das leisten k\u00f6nnen.<\/p>\n<p>Man wird nicht jedes Jahr da hoch fliegen, das ist klar, aber einmal im Leben, ich glaube, dann wird sich das jeder.. Mehr braucht man auch wirklich nicht. Einmal im Leben von oben auf die Erde schauen, um zu sehen, dass die Dinge auf der Welt doch ganz anders sind, als in unserem Kopf &#8211; das ist die Sache wert.<\/p>\n<p>Zu Hotels im Weltall befragt, sagt Prof. Walter:<\/p>\n<p>Es gibt einige Unternehmen, die konkret das Geld haben und die NASA unterst\u00fctzt sie darin. Insgesamt gibt es drei Unternehmen, die machen Folgendes: Die nehmen die Raumstation, die jetzt existierende Raumstation, bauen da ihre Hotelmodule dran und docken sie dann ab, um daraus autonome Weltraumhotels zu machen und &#8211; und das ist ja auch noch wichtig -, wir brauchen die Zubringer. Und das ist genau jetzt der Elon Musk und der Jeff Bezos, die haben ja jetzt auch die Raumtransportschiffe, um uns &#8211; die Leute &#8211; zu diesen Hotels zu bringen. Das hei\u00dft, es wird wirklich in den n\u00e4chsten Jahren ein wirklicher Weltraumhotel-Tourismus entstehen. Und das finde ich toll. <\/p>\n<p>Moderator: Aber Sie glauben &#8211; und jetzt ernsthaft -, dass es eine gute Idee sei, m\u00f6glichst viele Leute ins Weltall zu schie\u00dfen, weil man dann.. Warum, glauben Sie, ist das wichtig, dass ich ein Wochenende im All verbringe?<\/p>\n<p>Ja, das ist deswegen wichtig, weil wir Menschen auf der Erde diesen ganz bl\u00f6den Gedanken haben, dass wir Kriege f\u00fchren, dass es Nationen gibt und dass wir uns deswegen in die Haare kriegen m\u00fcssen. Und dann sind Sie da oben und schauen runter und Sie sehen keine Grenze zwischen der Ukraine und Russland oder Ukraine, Polen, wie auch immer. Sowas gibt&#8217;s gar nicht. Sowas gibt&#8217;s nur in den K\u00f6pfen. Und nur wenn Sie das wirklich mit den eigenen Augen sehen, wenn Sie die wirkliche Sch\u00f6nheit der Erde sehen, dieses Blau der Meere, jeder Kontinent hat seine Farbe. Und Sie sehen, wir sitzen alle in einem Boot. Es gibt nur dieses eine Boot und wir torkeln in diesem Boot durch die unendlichen Weiten des Raumfahrtozeans. Keiner hilft uns. Und dann haben Sie wirklich verstanden, dass wir uns selber helfen m\u00fcssen, nicht mit Kriegen, sondern es geht ums \u00dcberleben. Und dazu muss man oben gewesen sein und das mit eigenen Augen gesehen haben. Es reicht nicht, wenn ich Ihnen das jetzt hier erz\u00e4hle.<\/p>\n<p>Und nat\u00fcrlich antwortet Prof. Walter auf die Frage, ob er denn gerne nochmal ins All fliegen w\u00fcrde: &#8222;Nat\u00fcrlich will ich hochfliegen, aber ich habe das Geld nicht.&#8220; <\/p>\n<div style=\"text-align:center;\">\n\t<strong>hr1-Talk mit dem Physik-Professor Ulrich Walter &#8222;Wissenschaft im Weltraum ist wie Torte mit Schlagsahne&#8220;<\/strong><\/p>\n<p>\t<audio controls src=\"https:\/\/mp3podcasthrdl-a.akamaihd.net\/mp3\/podcast\/hr1_talk\/hr1_talk_20220327_94290911.mp3\" type=\"audio\/mp3\"><br \/>\n       Ihr Browser kann dieses Tondokument nicht wiedergeben.<br \/>\n       Es enth\u00e4lt den hr1-Talk mit dem Physik-Professor Ulrich Walter vom 27.03.2022.<br \/>\n       Sie k\u00f6nnen es unter<br \/>\n       <a href=\"https:\/\/mp3podcasthrdl-a.akamaihd.net\/mp3\/podcast\/hr1_talk\/hr1_talk_20220327_94290911.mp3\">diesem Link<\/a> abrufen.<br \/>\n\t<\/audio>\n\t\t<\/div>\n<p>Eine Kurz-Information zum Talk sowie einen Hinweis auf das neue Buch von Prof. Walter &#8222;Die verr\u00fcckte Welt der Physik \u2013 Astronaut Ulrich Walter erkl\u00e4rt fast alles&#8220; gibt es <a href=\"https:\/\/www.hr1.de\/sendungen\/hr1-talk\/der-hr1-talk-mit-ulrich-walter,talk-768.html\" target=\"_blank\" rel=\"noopener noreferrer\" title=\"hr1-Talk mit Ulrich Walter\" class=\"extern\">hier<\/a>.<\/p>\n","protected":false},"excerpt":{"rendered":"<p>Jederzeit zu einer Fahrt in den Weltraum aufbrechen zu wollen, das sp\u00fcrt man Prof. Ulrich Walter, der zu Gast im hr1 Talk am Sonntagmorgen bei Uwe Berndt war, bei jedem Satz ab. Seit 2003 ist der Physik-Professor Inhaber des Lehrstuhls f\u00fcr Raumfahrttechnik an der Technischen Universit\u00e4t M\u00fcnchen. Prof. Walter ist&#8230;<\/p>\n<p> <a class=\"continue-reading-link\" href=\"https:\/\/annaland.de\/annablog\/wochenende-im-weltraum\/\"><span>Continue reading<\/span><i class=\"crycon-right-dir\"><\/i><\/a> <\/p>\n","protected":false},"author":1,"featured_media":0,"comment_status":"open","ping_status":"open","sticky":false,"template":"","format":"standard","meta":{"jetpack_post_was_ever_published":false,"_jetpack_newsletter_access":"","_jetpack_dont_email_post_to_subs":false,"_jetpack_newsletter_tier_id":0,"_jetpack_memberships_contains_paywalled_content":false,"_jetpack_memberships_contains_paid_content":false,"footnotes":"","jetpack_publicize_message":"","jetpack_publicize_feature_enabled":true,"jetpack_social_post_already_shared":true,"jetpack_social_options":{"image_generator_settings":{"template":"highway","default_image_id":0,"enabled":false},"version":2}},"categories":[25],"tags":[],"class_list":["post-1232","post","type-post","status-publish","format-standard","hentry","category-space"],"jetpack_publicize_connections":[],"jetpack_featured_media_url":"","jetpack_sharing_enabled":true,"jetpack_shortlink":"https:\/\/wp.me\/p9sfPX-jS","_links":{"self":[{"href":"https:\/\/annaland.de\/annablog\/wp-json\/wp\/v2\/posts\/1232","targetHints":{"allow":["GET"]}}],"collection":[{"href":"https:\/\/annaland.de\/annablog\/wp-json\/wp\/v2\/posts"}],"about":[{"href":"https:\/\/annaland.de\/annablog\/wp-json\/wp\/v2\/types\/post"}],"author":[{"embeddable":true,"href":"https:\/\/annaland.de\/annablog\/wp-json\/wp\/v2\/users\/1"}],"replies":[{"embeddable":true,"href":"https:\/\/annaland.de\/annablog\/wp-json\/wp\/v2\/comments?post=1232"}],"version-history":[{"count":8,"href":"https:\/\/annaland.de\/annablog\/wp-json\/wp\/v2\/posts\/1232\/revisions"}],"predecessor-version":[{"id":1241,"href":"https:\/\/annaland.de\/annablog\/wp-json\/wp\/v2\/posts\/1232\/revisions\/1241"}],"wp:attachment":[{"href":"https:\/\/annaland.de\/annablog\/wp-json\/wp\/v2\/media?parent=1232"}],"wp:term":[{"taxonomy":"category","embeddable":true,"href":"https:\/\/annaland.de\/annablog\/wp-json\/wp\/v2\/categories?post=1232"},{"taxonomy":"post_tag","embeddable":true,"href":"https:\/\/annaland.de\/annablog\/wp-json\/wp\/v2\/tags?post=1232"}],"curies":[{"name":"wp","href":"https:\/\/api.w.org\/{rel}","templated":true}]}}