{"id":1126,"date":"2022-03-15T10:52:44","date_gmt":"2022-03-15T09:52:44","guid":{"rendered":"https:\/\/annaland.de\/annablog\/?p=1126"},"modified":"2022-03-15T10:52:44","modified_gmt":"2022-03-15T09:52:44","slug":"vz-250-durchfahrt-verboten","status":"publish","type":"post","link":"https:\/\/annaland.de\/annablog\/vz-250-durchfahrt-verboten\/","title":{"rendered":"VZ 250 &#8211; Durchfahrt verboten"},"content":{"rendered":"<p>Wie kann die Stadt Taunusstein nur auf die Idee kommen, Stra\u00dfen zu sperren, durch die schon Generationen von Fahrzeugen durchgefahren sind? <\/p>\n<div id=\"attachment_1127\" style=\"width: 310px\" class=\"wp-caption alignleft\"><img loading=\"lazy\" decoding=\"async\" aria-describedby=\"caption-attachment-1127\" src=\"https:\/\/annaland.de\/annablog\/wp-content\/uploads\/2022\/03\/durchfahrt_verboten_erlenmeyer-300x225.jpg\" alt=\"\" width=\"300\" height=\"225\" class=\"size-medium wp-image-1127\" srcset=\"https:\/\/annaland.de\/annablog\/wp-content\/uploads\/2022\/03\/durchfahrt_verboten_erlenmeyer-300x225.jpg 300w, https:\/\/annaland.de\/annablog\/wp-content\/uploads\/2022\/03\/durchfahrt_verboten_erlenmeyer-768x576.jpg 768w, https:\/\/annaland.de\/annablog\/wp-content\/uploads\/2022\/03\/durchfahrt_verboten_erlenmeyer-150x113.jpg 150w, https:\/\/annaland.de\/annablog\/wp-content\/uploads\/2022\/03\/durchfahrt_verboten_erlenmeyer.jpg 900w\" sizes=\"auto, (max-width: 300px) 100vw, 300px\" \/><p id=\"caption-attachment-1127\" class=\"wp-caption-text\">Durchfahrt verboten &#8211; Verbot f\u00fcr Fahrzeuge aller Art &#8211; Zeichen VZ 250<\/p><\/div>\n<p>Im Januar dieses Jahres war pl\u00f6tzlich die Durchfahrt auf der Erlenmeyerstra\u00dfe in Wehen hoch zum Friedhof mit einem Verkehrsschild &#8222;Durchfahrt verboten&#8220; gesperrt. Ausgenommen waren Lieferfahrzeuge einer bestimmten Firma, wie auf dem unter dem Verkehrszeichen angebrachten Zusatzschild zu lesen war.<\/p>\n<p>Ich war zu Fu\u00df in diesem Stra\u00dfenabschnitt unterwegs und w\u00e4re niemals auf die Idee gekommen, dass die Stra\u00dfe gesperrt ist. Der Autoverkehr war wie eh und je in beide Richtungen vorhanden. Es gab in der Regel nicht eine Sekunde Z\u00f6gern, ob es denn statthaft sei, in den gesperrten Bereich einzufahren. Also habe ich nachgesehen, ob oben an der Abzweigung zur Mainzer Allee ebenfalls eine Stra\u00dfensperre eingerichtet war. Und ja, auch in die Gegenrichtung gab es dieses Verkehrszeichen VZ 250. <\/p>\n<p>Tats\u00e4chlich \u00fcberlegte ich dann einen Augenblick, da meine F\u00fchrerscheinpr\u00fcfung im vergangenen Jahrtausend stattgefunden hatte, ob hier zwischenzeitlich eine Wahlm\u00f6glichkeit f\u00fcr die gestressten Autofahrer, die einfach nur schnell von A nach B kommen wollen, eingerichtet worden sei. Hm, nein, ein kurzer Online-Check ergab, dass der Gesetzgeber hier keine \u00c4nderung vorgenommen hatte. Arbeiten die Fahrschulen heutzutage nicht mehr die wichtigsten Verkehrszeichen im Unterricht ab?<\/p>\n<div style=\"float:left; padding-right:20px;\">\n<blockquote width=\"250\" class=\"twitter-tweet\"  data-dnt=\"true\" data-theme=\"dark\">\n<p lang=\"de\" dir=\"ltr\">Vor <a href=\"https:\/\/twitter.com\/hashtag\/Corona?src=hash&amp;ref_src=twsrc%5Etfw\">#Corona<\/a> durfte man bei diesem <a href=\"https:\/\/twitter.com\/hashtag\/Verkehrszeichen?src=hash&amp;ref_src=twsrc%5Etfw\">#Verkehrszeichen<\/a> nicht durchfahren, jetzt herrscht reger Autoverkehr oben in der Erlenmeyerstra\u00dfe in <a href=\"https:\/\/twitter.com\/hashtag\/Taunusstein?src=hash&amp;ref_src=twsrc%5Etfw\">#Taunusstein<\/a>-Wehen. Allerdings wird gut Abstand gehalten. <a href=\"https:\/\/t.co\/iwPyfRBshb\">pic.twitter.com\/iwPyfRBshb<\/a><\/p>\n<p>&mdash; Taunusstein Infos (@Taunusstein) <a href=\"https:\/\/twitter.com\/Taunusstein\/status\/1485645344125947914?ref_src=twsrc%5Etfw\">January 24, 2022<\/a><\/p><\/blockquote>\n<p> <script async src=\"https:\/\/platform.twitter.com\/widgets.js\" charset=\"utf-8\"><\/script>\n<\/div>\n<p>Links im Tweet ist das Verkehrszeichen mit dem roten Kreis vom Parkplatz am Friedwald aus zu sehen. Tats\u00e4chlich h\u00e4tte die Stadt sich die Sperrung der Erlenmeyerstra\u00dfe aus mehreren Gr\u00fcnden sparen k\u00f6nnen. W\u00e4re im Januar Schnee gefallen, h\u00e4tte eigentlich auch ein Parkverbot greifen sollen, zus\u00e4tzlich zum Durchfahrverbot, welches die im vergangenen Jahr angereisten ausw\u00e4rtigen Schneetouristen an einer ungebremsten Nutzung des Stadtwaldes h\u00e4tte hindern sollen. Aber wenn schon die Einheimischen eine behandlungsbed\u00fcrftige Blindheit Verkehrszeichen gegen\u00fcber besitzen, w\u00e4ren auch G\u00e4ste diesem &#8222;Vorbild&#8220; sicher gefolgt und h\u00e4tten jegliche Beschilderung ebenfalls ignoriert. Im vergangenen Jahr im Januar versuchte die Stadt, Waldwege auch durch Anbringen von Flatterb\u00e4ndern zu sperren. Manche dieser B\u00e4nder wurden &#8222;ordentlich&#8220; an die Seite gelegt, andere einfach nur abgerissen. Vom Massentourismus hinein in den &#8211; zugegebenerma\u00dfen wundersch\u00f6n verschneiten &#8211; Stadtwald mit all den unsch\u00f6nen <a href=\"https:\/\/www.taunusstein.de\/portal\/meldungen\/schneetourismus-stadt-taunusstein-sperrt-feld-und-waldwege-sowie-wohngebiete-900001660-29880.html\" title=\"Pressemitteilung der Stadt Taunusstein\" target=\"_blank\" rel=\"noopener noreferrer\">Nebenerscheinungen<\/a> wie r\u00fccksichtslosem Fahr- und Parkverhalten sowie nachhaltigen Sch\u00e4den an Feldern, Privateigentum und der Natur haben sich die Menschen nur schwer abhalten lassen.<\/p>\n<p>Hat die Stadt Taunusstein aus dem  gescheiterten Sperrversuch der Erlenmeyerstra\u00dfe gelernt? Nein, die Stadt hat einen weiteren Feldversuch, wieder in Wehen, aber diesmal in der Mainzer Allee gestartet. Hier finden derzeit Kanalbauarbeiten statt und &#8211; wie die <a href=\"https:\/\/www.taunusstein.de\/portal\/pressemitteilungen\/uebersicht-900002355-29880.html?rubrik=900000049\" title=\"Pressemitteilung der Stadt Taunusstein\" target=\"_blank\" rel=\"noopener noreferrer\">Pressemitteilung<\/a> der Stadt beschreibt &#8211; ist voraussichtlich bis zum 1. Mai die Mainzer Allee in Wehen, angefangen knapp oberhalb der Einm\u00fcndungen der Baumgartenstra\u00dfe \/ Ibellstra\u00dfe bis knapp unterhalb der Einm\u00fcndung der Karl-Meister-Stra\u00dfe gesperrt. Eine Umleitung ist ausgeschildert. Ein Zusatzschild unter dem Verkehrszeichen VZ 250 erlaubt die Zufahrt hinein in den gesperrten Bereich auf das Kirchengel\u00e4nde der Pfarrei Herz Mari\u00e4.<\/p>\n<p>Ein bisschen sieht es so aus, als ob die Taunussteiner glauben, es sei ins eigene Ermessen gestellt; wenn es gerade so passt, dann h\u00e4lt man sich an das eine und andere Verkehrszeichen, wenn aber nicht, dann hat man die Freiheit der Interpretation, kann also ein &#8222;Durchfahrt verboten&#8220; einfach ignorieren. Vereinzelt wird die ausgeschilderte Umleitung genutzt, die weitaus gr\u00f6\u00dfere Zahl der Anwohner des Neubaugebietes sowie Besucher des Friedhofes und des Parkplatzes am Friedwald fahren durch den gesperrten Bereich. So ist die Familie schneller daheim und wenn keine Bauarbeiten stattfinden, wird ja niemand gef\u00e4hrdet. Ich bin auf die Seite gegangen, um die Fahrzeuge vorbeizulassen. Schlie\u00dflich geh\u00f6re ich als Fu\u00dfg\u00e4nger ja auch nicht auf die gesperrte Stra\u00dfe und bin von zwei Verkehrsteilnehmern auch noch in der deutlich unterlegenen Position.<\/p>\n","protected":false},"excerpt":{"rendered":"<p>Wie kann die Stadt Taunusstein nur auf die Idee kommen, Stra\u00dfen zu sperren, durch die schon Generationen von Fahrzeugen durchgefahren sind? Im Januar dieses Jahres war pl\u00f6tzlich die Durchfahrt auf der Erlenmeyerstra\u00dfe in Wehen hoch zum Friedhof mit einem Verkehrsschild &#8222;Durchfahrt verboten&#8220; gesperrt. Ausgenommen waren Lieferfahrzeuge einer bestimmten Firma, wie&#8230;<\/p>\n<p> <a class=\"continue-reading-link\" href=\"https:\/\/annaland.de\/annablog\/vz-250-durchfahrt-verboten\/\"><span>Continue reading<\/span><i class=\"crycon-right-dir\"><\/i><\/a> <\/p>\n","protected":false},"author":1,"featured_media":0,"comment_status":"open","ping_status":"open","sticky":false,"template":"","format":"standard","meta":{"jetpack_post_was_ever_published":false,"_jetpack_newsletter_access":"","_jetpack_dont_email_post_to_subs":false,"_jetpack_newsletter_tier_id":0,"_jetpack_memberships_contains_paywalled_content":false,"_jetpack_memberships_contains_paid_content":false,"footnotes":"","jetpack_publicize_message":"","jetpack_publicize_feature_enabled":true,"jetpack_social_post_already_shared":true,"jetpack_social_options":{"image_generator_settings":{"template":"highway","default_image_id":0,"enabled":false},"version":2}},"categories":[12,23],"tags":[],"class_list":["post-1126","post","type-post","status-publish","format-standard","hentry","category-stadtpolitik","category-umwelt"],"jetpack_publicize_connections":[],"jetpack_featured_media_url":"","jetpack_sharing_enabled":true,"jetpack_shortlink":"https:\/\/wp.me\/p9sfPX-ia","_links":{"self":[{"href":"https:\/\/annaland.de\/annablog\/wp-json\/wp\/v2\/posts\/1126","targetHints":{"allow":["GET"]}}],"collection":[{"href":"https:\/\/annaland.de\/annablog\/wp-json\/wp\/v2\/posts"}],"about":[{"href":"https:\/\/annaland.de\/annablog\/wp-json\/wp\/v2\/types\/post"}],"author":[{"embeddable":true,"href":"https:\/\/annaland.de\/annablog\/wp-json\/wp\/v2\/users\/1"}],"replies":[{"embeddable":true,"href":"https:\/\/annaland.de\/annablog\/wp-json\/wp\/v2\/comments?post=1126"}],"version-history":[{"count":34,"href":"https:\/\/annaland.de\/annablog\/wp-json\/wp\/v2\/posts\/1126\/revisions"}],"predecessor-version":[{"id":1162,"href":"https:\/\/annaland.de\/annablog\/wp-json\/wp\/v2\/posts\/1126\/revisions\/1162"}],"wp:attachment":[{"href":"https:\/\/annaland.de\/annablog\/wp-json\/wp\/v2\/media?parent=1126"}],"wp:term":[{"taxonomy":"category","embeddable":true,"href":"https:\/\/annaland.de\/annablog\/wp-json\/wp\/v2\/categories?post=1126"},{"taxonomy":"post_tag","embeddable":true,"href":"https:\/\/annaland.de\/annablog\/wp-json\/wp\/v2\/tags?post=1126"}],"curies":[{"name":"wp","href":"https:\/\/api.w.org\/{rel}","templated":true}]}}