{"id":1,"date":"2007-08-05T02:04:26","date_gmt":"2007-08-05T00:04:26","guid":{"rendered":""},"modified":"2007-08-06T02:18:12","modified_gmt":"2007-08-06T00:18:12","slug":"hallo-welt","status":"publish","type":"post","link":"https:\/\/annaland.de\/annablog\/hallo-welt\/","title":{"rendered":"Taunusstein aktiv"},"content":{"rendered":"<p>Willkommen hier im Annablog. In den letzten Jahren hat das Ver\u00f6ffentlichen von Internettageb\u00fcchern rapide zugenommen. F\u00fcr mich war lange Zeit klar, dass es von mir kein Blog geben werde. Wie Sie sehen, hat sich das mit dem heutigen Tag nun ge\u00e4ndert. Grund war f\u00fcr mich in erster Linie, einen \u00f6ffentlichen Raum f\u00fcr die Taunussteiner Bev\u00f6lkerung zu schaffen, um lokale Themen zu diskutieren und innovative (politische) Vorschl\u00e4ge zu machen, die in den zust\u00e4ndigen Gremien bis hin zum amtierenden Stadtoberhaupt Geh\u00f6r finden.<\/p>\n<p>Im Augenblick schlagen die Wogen hoch in Sachen \u00f6ffentlicher Nahverkehr. Mit der Busplanumstellung zum 8. August 2007 erfolgten gravierende \u00c4nderungen, die sich f\u00fcr weite Teile der Taunussteiner B\u00fcrger ausgesprochen nachteilig auswirken. Ich w\u00fcnsche mir, dass wir an dieser Stelle durchaus auch kontrovers ins Gespr\u00e4ch kommen, sehr konkret Problemstellungen behandeln und L\u00f6sungsans\u00e4tze auflisten.<\/p>\n<p>Ich bin selbst sehr gespannt, wie sich mein Blog im Laufe der Zeit pr\u00e4sentieren wird.<\/p>\n","protected":false},"excerpt":{"rendered":"<p>Willkommen hier im Annablog. In den letzten Jahren hat das Ver\u00f6ffentlichen von Internettageb\u00fcchern rapide zugenommen. F\u00fcr mich war lange Zeit klar, dass es von mir kein Blog geben werde. Wie Sie sehen, hat sich das mit dem heutigen Tag nun ge\u00e4ndert. Grund war f\u00fcr mich in erster Linie, einen \u00f6ffentlichen&#8230;<\/p>\n<p> <a class=\"continue-reading-link\" href=\"https:\/\/annaland.de\/annablog\/hallo-welt\/\"><span>Continue reading<\/span><i class=\"crycon-right-dir\"><\/i><\/a> <\/p>\n","protected":false},"author":1,"featured_media":0,"comment_status":"open","ping_status":"open","sticky":false,"template":"","format":"standard","meta":{"jetpack_post_was_ever_published":false,"_jetpack_newsletter_access":"","_jetpack_dont_email_post_to_subs":false,"_jetpack_newsletter_tier_id":0,"_jetpack_memberships_contains_paywalled_content":false,"_jetpack_memberships_contains_paid_content":false,"footnotes":"","jetpack_publicize_message":"","jetpack_publicize_feature_enabled":true,"jetpack_social_post_already_shared":false,"jetpack_social_options":{"image_generator_settings":{"template":"highway","default_image_id":0,"enabled":false},"version":2}},"categories":[3],"tags":[],"class_list":["post-1","post","type-post","status-publish","format-standard","hentry","category-offentlicher-nahverkehr"],"jetpack_publicize_connections":[],"jetpack_featured_media_url":"","jetpack_sharing_enabled":true,"jetpack_shortlink":"https:\/\/wp.me\/p9sfPX-1","_links":{"self":[{"href":"https:\/\/annaland.de\/annablog\/wp-json\/wp\/v2\/posts\/1","targetHints":{"allow":["GET"]}}],"collection":[{"href":"https:\/\/annaland.de\/annablog\/wp-json\/wp\/v2\/posts"}],"about":[{"href":"https:\/\/annaland.de\/annablog\/wp-json\/wp\/v2\/types\/post"}],"author":[{"embeddable":true,"href":"https:\/\/annaland.de\/annablog\/wp-json\/wp\/v2\/users\/1"}],"replies":[{"embeddable":true,"href":"https:\/\/annaland.de\/annablog\/wp-json\/wp\/v2\/comments?post=1"}],"version-history":[{"count":0,"href":"https:\/\/annaland.de\/annablog\/wp-json\/wp\/v2\/posts\/1\/revisions"}],"wp:attachment":[{"href":"https:\/\/annaland.de\/annablog\/wp-json\/wp\/v2\/media?parent=1"}],"wp:term":[{"taxonomy":"category","embeddable":true,"href":"https:\/\/annaland.de\/annablog\/wp-json\/wp\/v2\/categories?post=1"},{"taxonomy":"post_tag","embeddable":true,"href":"https:\/\/annaland.de\/annablog\/wp-json\/wp\/v2\/tags?post=1"}],"curies":[{"name":"wp","href":"https:\/\/api.w.org\/{rel}","templated":true}]}}